{"id":727,"date":"2022-03-10T13:21:44","date_gmt":"2022-03-10T16:21:44","guid":{"rendered":"https:\/\/portaldestaquenoticias.com.br\/?p=727"},"modified":"2022-03-10T13:21:49","modified_gmt":"2022-03-10T16:21:49","slug":"o-prefeito-anderson-sousa-nomeou-novo-secretario-de-producao-rural-de-rio-preto-da-eva","status":"publish","type":"post","link":"https:\/\/markd.com.br\/models\/o-prefeito-anderson-sousa-nomeou-novo-secretario-de-producao-rural-de-rio-preto-da-eva\/","title":{"rendered":"O Prefeito Anderson Sousa Nomeou novo Secret\u00e1rio de Produ\u00e7\u00e3o Rural de Rio Preto da Eva"},"content":{"rendered":"\n<p>PRODU\u00c7\u00c3O RURAL | O prefeito Anderson Sousa nomeou na \u00faltima ter\u00e7a-feira, dia 08, o novo secret\u00e1rio de produ\u00e7\u00e3o rural do munic\u00edpio, trata-se do empres\u00e1rio Eduardo Castelo. Eduardo assume uma pasta importante na gest\u00e3o do Prefeito Anderson Sousa e tem na sua equipe<\/p>\n\n\n\n<p>o jovem competente Felipe Lindoso.<\/p>\n\n\n\n<figure class=\"wp-block-image\"><img decoding=\"async\" src=\"https:\/\/sp-ao.shortpixel.ai\/client\/to_auto,q_glossy,ret_img,w_640,h_480\/https:\/\/portalmancheteam.com.br\/wp-content\/uploads\/2022\/03\/275303042_659693105259083_3387656253226424321_n.jpg\" alt=\"\" class=\"wp-image-77074\"\/><\/figure>\n\n\n\n<figure class=\"wp-block-image\"><img decoding=\"async\" src=\"https:\/\/sp-ao.shortpixel.ai\/client\/to_auto,q_glossy,ret_img,w_640,h_480\/https:\/\/portalmancheteam.com.br\/wp-content\/uploads\/2022\/03\/275307703_659693095259084_6733960731126397890_n.jpg\" alt=\"\" class=\"wp-image-77075\"\/><\/figure>\n\n\n\n<figure class=\"wp-block-image\"><img decoding=\"async\" src=\"https:\/\/sp-ao.shortpixel.ai\/client\/to_auto,q_glossy,ret_img,w_640,h_480\/https:\/\/portalmancheteam.com.br\/wp-content\/uploads\/2022\/03\/275376323_659693121925748_6119205881361858149_n.jpg\" alt=\"\" class=\"wp-image-77076\"\/><\/figure>\n\n\n\n<figure class=\"wp-block-image\"><img decoding=\"async\" src=\"https:\/\/sp-ao.shortpixel.ai\/client\/to_auto,q_glossy,ret_img,w_640,h_480\/https:\/\/portalmancheteam.com.br\/wp-content\/uploads\/2022\/03\/275430813_659693115259082_8874389326230582321_n.jpg\" alt=\"\" class=\"wp-image-77077\"\/><\/figure>\n","protected":false},"excerpt":{"rendered":"<p>PRODU\u00c7\u00c3O RURAL | O prefeito Anderson Sousa nomeou na \u00faltima ter\u00e7a-feira, dia 08, o novo&#8230;<\/p>\n","protected":false},"author":5,"featured_media":728,"comment_status":"open","ping_status":"open","sticky":false,"template":"","format":"standard","meta":{"footnotes":""},"categories":[67],"tags":[68],"class_list":["post-727","post","type-post","status-publish","format-standard","has-post-thumbnail","hentry","category-rio-preto-da-eva","tag-rio-preto-da-eva"],"yoast_head":"<!-- This site is optimized with the Yoast SEO plugin v24.4 - https:\/\/yoast.com\/wordpress\/plugins\/seo\/ -->\n<title>O Prefeito Anderson Sousa Nomeou novo Secret\u00e1rio de Produ\u00e7\u00e3o Rural de Rio Preto da Eva - Not\u00edcias de Todos - Models01<\/title>\n<meta name=\"robots\" content=\"index, follow, max-snippet:-1, max-image-preview:large, max-video-preview:-1\" \/>\n<link rel=\"canonical\" href=\"https:\/\/markd.com.br\/models\/o-prefeito-anderson-sousa-nomeou-novo-secretario-de-producao-rural-de-rio-preto-da-eva\/\" \/>\n<meta property=\"og:locale\" content=\"pt_BR\" \/>\n<meta property=\"og:type\" content=\"article\" \/>\n<meta property=\"og:title\" content=\"O Prefeito Anderson Sousa Nomeou novo Secret\u00e1rio de Produ\u00e7\u00e3o Rural de Rio Preto da Eva - Not\u00edcias de Todos - Models01\" \/>\n<meta property=\"og:description\" content=\"PRODU\u00c7\u00c3O RURAL | O prefeito Anderson Sousa nomeou na \u00faltima ter\u00e7a-feira, dia 08, o novo...\" \/>\n<meta property=\"og:url\" content=\"https:\/\/markd.com.br\/models\/o-prefeito-anderson-sousa-nomeou-novo-secretario-de-producao-rural-de-rio-preto-da-eva\/\" \/>\n<meta property=\"og:site_name\" content=\"Not\u00edcias de Todos - Models01\" \/>\n<meta property=\"article:published_time\" content=\"2022-03-10T16:21:44+00:00\" \/>\n<meta property=\"article:modified_time\" content=\"2022-03-10T16:21:49+00:00\" \/>\n<meta property=\"og:image\" content=\"https:\/\/markd.com.br\/models\/wp-content\/uploads\/2022\/03\/275303042_659693105259083_3387656253226424321_n.jpg\" \/>\n\t<meta property=\"og:image:width\" content=\"640\" \/>\n\t<meta property=\"og:image:height\" content=\"480\" \/>\n\t<meta property=\"og:image:type\" content=\"image\/jpeg\" \/>\n<meta name=\"author\" content=\"Reda\u00e7\u00e3o Reda\u00e7\u00e3o\" \/>\n<meta name=\"twitter:card\" content=\"summary_large_image\" \/>\n<meta name=\"twitter:label1\" content=\"Escrito por\" \/>\n\t<meta name=\"twitter:data1\" content=\"Reda\u00e7\u00e3o Reda\u00e7\u00e3o\" \/>\n\t<meta name=\"twitter:label2\" content=\"Est. tempo de leitura\" \/>\n\t<meta name=\"twitter:data2\" content=\"2 minutos\" \/>\n<script type=\"application\/ld+json\" class=\"yoast-schema-graph\">{\"@context\":\"https:\/\/schema.org\",\"@graph\":[{\"@type\":\"WebPage\",\"@id\":\"https:\/\/markd.com.br\/models\/o-prefeito-anderson-sousa-nomeou-novo-secretario-de-producao-rural-de-rio-preto-da-eva\/\",\"url\":\"https:\/\/markd.com.br\/models\/o-prefeito-anderson-sousa-nomeou-novo-secretario-de-producao-rural-de-rio-preto-da-eva\/\",\"name\":\"O Prefeito Anderson Sousa Nomeou novo Secret\u00e1rio de Produ\u00e7\u00e3o Rural de Rio Preto da Eva - Not\u00edcias de Todos - Models01\",\"isPartOf\":{\"@id\":\"https:\/\/markd.com.br\/models\/#website\"},\"primaryImageOfPage\":{\"@id\":\"https:\/\/markd.com.br\/models\/o-prefeito-anderson-sousa-nomeou-novo-secretario-de-producao-rural-de-rio-preto-da-eva\/#primaryimage\"},\"image\":{\"@id\":\"https:\/\/markd.com.br\/models\/o-prefeito-anderson-sousa-nomeou-novo-secretario-de-producao-rural-de-rio-preto-da-eva\/#primaryimage\"},\"thumbnailUrl\":\"https:\/\/markd.com.br\/models\/wp-content\/uploads\/2022\/03\/275303042_659693105259083_3387656253226424321_n.jpg\",\"datePublished\":\"2022-03-10T16:21:44+00:00\",\"dateModified\":\"2022-03-10T16:21:49+00:00\",\"author\":{\"@id\":\"https:\/\/markd.com.br\/models\/#\/schema\/person\/c12a77ab487a7262d8bec3c47301ad37\"},\"breadcrumb\":{\"@id\":\"https:\/\/markd.com.br\/models\/o-prefeito-anderson-sousa-nomeou-novo-secretario-de-producao-rural-de-rio-preto-da-eva\/#breadcrumb\"},\"inLanguage\":\"pt-BR\",\"potentialAction\":[{\"@type\":\"ReadAction\",\"target\":[\"https:\/\/markd.com.br\/models\/o-prefeito-anderson-sousa-nomeou-novo-secretario-de-producao-rural-de-rio-preto-da-eva\/\"]}]},{\"@type\":\"ImageObject\",\"inLanguage\":\"pt-BR\",\"@id\":\"https:\/\/markd.com.br\/models\/o-prefeito-anderson-sousa-nomeou-novo-secretario-de-producao-rural-de-rio-preto-da-eva\/#primaryimage\",\"url\":\"https:\/\/markd.com.br\/models\/wp-content\/uploads\/2022\/03\/275303042_659693105259083_3387656253226424321_n.jpg\",\"contentUrl\":\"https:\/\/markd.com.br\/models\/wp-content\/uploads\/2022\/03\/275303042_659693105259083_3387656253226424321_n.jpg\",\"width\":640,\"height\":480},{\"@type\":\"BreadcrumbList\",\"@id\":\"https:\/\/markd.com.br\/models\/o-prefeito-anderson-sousa-nomeou-novo-secretario-de-producao-rural-de-rio-preto-da-eva\/#breadcrumb\",\"itemListElement\":[{\"@type\":\"ListItem\",\"position\":1,\"name\":\"In\u00edcio\",\"item\":\"https:\/\/markd.com.br\/models\/\"},{\"@type\":\"ListItem\",\"position\":2,\"name\":\"O Prefeito Anderson Sousa Nomeou novo Secret\u00e1rio de Produ\u00e7\u00e3o Rural de Rio Preto da Eva\"}]},{\"@type\":\"WebSite\",\"@id\":\"https:\/\/markd.com.br\/models\/#website\",\"url\":\"https:\/\/markd.com.br\/models\/\",\"name\":\"Not\u00edcias de Todos - Models01\",\"description\":\"Tenha um Portal de Not\u00edcias Moderno, Din\u00e2mico, R\u00e1pido e Profissional. Entregamos seu Site de  Not\u00edcias Pronto, Instalado, Hospedado, com Manual Passo a Passo e Suporte 24 horas.\",\"potentialAction\":[{\"@type\":\"SearchAction\",\"target\":{\"@type\":\"EntryPoint\",\"urlTemplate\":\"https:\/\/markd.com.br\/models\/?s={search_term_string}\"},\"query-input\":{\"@type\":\"PropertyValueSpecification\",\"valueRequired\":true,\"valueName\":\"search_term_string\"}}],\"inLanguage\":\"pt-BR\"},{\"@type\":\"Person\",\"@id\":\"https:\/\/markd.com.br\/models\/#\/schema\/person\/c12a77ab487a7262d8bec3c47301ad37\",\"name\":\"Reda\u00e7\u00e3o Reda\u00e7\u00e3o\",\"image\":{\"@type\":\"ImageObject\",\"inLanguage\":\"pt-BR\",\"@id\":\"https:\/\/markd.com.br\/models\/#\/schema\/person\/image\/\",\"url\":\"https:\/\/secure.gravatar.com\/avatar\/9448f3599ce269febf169e183039b4a6?s=96&d=mm&r=g\",\"contentUrl\":\"https:\/\/secure.gravatar.com\/avatar\/9448f3599ce269febf169e183039b4a6?s=96&d=mm&r=g\",\"caption\":\"Reda\u00e7\u00e3o Reda\u00e7\u00e3o\"},\"sameAs\":[\"https:\/\/markd.com.br\/\"],\"url\":\"https:\/\/markd.com.br\/models\/author\/redacao\/\"}]}<\/script>\n<!-- \/ Yoast SEO plugin. -->","yoast_head_json":{"title":"O Prefeito Anderson Sousa Nomeou novo Secret\u00e1rio de Produ\u00e7\u00e3o Rural de Rio Preto da Eva - Not\u00edcias de Todos - Models01","robots":{"index":"index","follow":"follow","max-snippet":"max-snippet:-1","max-image-preview":"max-image-preview:large","max-video-preview":"max-video-preview:-1"},"canonical":"https:\/\/markd.com.br\/models\/o-prefeito-anderson-sousa-nomeou-novo-secretario-de-producao-rural-de-rio-preto-da-eva\/","og_locale":"pt_BR","og_type":"article","og_title":"O Prefeito Anderson Sousa Nomeou novo Secret\u00e1rio de Produ\u00e7\u00e3o Rural de Rio Preto da Eva - Not\u00edcias de Todos - Models01","og_description":"PRODU\u00c7\u00c3O RURAL | O prefeito Anderson Sousa nomeou na \u00faltima ter\u00e7a-feira, dia 08, o novo...","og_url":"https:\/\/markd.com.br\/models\/o-prefeito-anderson-sousa-nomeou-novo-secretario-de-producao-rural-de-rio-preto-da-eva\/","og_site_name":"Not\u00edcias de Todos - Models01","article_published_time":"2022-03-10T16:21:44+00:00","article_modified_time":"2022-03-10T16:21:49+00:00","og_image":[{"width":640,"height":480,"url":"https:\/\/markd.com.br\/models\/wp-content\/uploads\/2022\/03\/275303042_659693105259083_3387656253226424321_n.jpg","type":"image\/jpeg"}],"author":"Reda\u00e7\u00e3o Reda\u00e7\u00e3o","twitter_card":"summary_large_image","twitter_misc":{"Escrito por":"Reda\u00e7\u00e3o Reda\u00e7\u00e3o","Est. tempo de leitura":"2 minutos"},"schema":{"@context":"https:\/\/schema.org","@graph":[{"@type":"WebPage","@id":"https:\/\/markd.com.br\/models\/o-prefeito-anderson-sousa-nomeou-novo-secretario-de-producao-rural-de-rio-preto-da-eva\/","url":"https:\/\/markd.com.br\/models\/o-prefeito-anderson-sousa-nomeou-novo-secretario-de-producao-rural-de-rio-preto-da-eva\/","name":"O Prefeito Anderson Sousa Nomeou novo Secret\u00e1rio de Produ\u00e7\u00e3o Rural de Rio Preto da Eva - Not\u00edcias de Todos - Models01","isPartOf":{"@id":"https:\/\/markd.com.br\/models\/#website"},"primaryImageOfPage":{"@id":"https:\/\/markd.com.br\/models\/o-prefeito-anderson-sousa-nomeou-novo-secretario-de-producao-rural-de-rio-preto-da-eva\/#primaryimage"},"image":{"@id":"https:\/\/markd.com.br\/models\/o-prefeito-anderson-sousa-nomeou-novo-secretario-de-producao-rural-de-rio-preto-da-eva\/#primaryimage"},"thumbnailUrl":"https:\/\/markd.com.br\/models\/wp-content\/uploads\/2022\/03\/275303042_659693105259083_3387656253226424321_n.jpg","datePublished":"2022-03-10T16:21:44+00:00","dateModified":"2022-03-10T16:21:49+00:00","author":{"@id":"https:\/\/markd.com.br\/models\/#\/schema\/person\/c12a77ab487a7262d8bec3c47301ad37"},"breadcrumb":{"@id":"https:\/\/markd.com.br\/models\/o-prefeito-anderson-sousa-nomeou-novo-secretario-de-producao-rural-de-rio-preto-da-eva\/#breadcrumb"},"inLanguage":"pt-BR","potentialAction":[{"@type":"ReadAction","target":["https:\/\/markd.com.br\/models\/o-prefeito-anderson-sousa-nomeou-novo-secretario-de-producao-rural-de-rio-preto-da-eva\/"]}]},{"@type":"ImageObject","inLanguage":"pt-BR","@id":"https:\/\/markd.com.br\/models\/o-prefeito-anderson-sousa-nomeou-novo-secretario-de-producao-rural-de-rio-preto-da-eva\/#primaryimage","url":"https:\/\/markd.com.br\/models\/wp-content\/uploads\/2022\/03\/275303042_659693105259083_3387656253226424321_n.jpg","contentUrl":"https:\/\/markd.com.br\/models\/wp-content\/uploads\/2022\/03\/275303042_659693105259083_3387656253226424321_n.jpg","width":640,"height":480},{"@type":"BreadcrumbList","@id":"https:\/\/markd.com.br\/models\/o-prefeito-anderson-sousa-nomeou-novo-secretario-de-producao-rural-de-rio-preto-da-eva\/#breadcrumb","itemListElement":[{"@type":"ListItem","position":1,"name":"In\u00edcio","item":"https:\/\/markd.com.br\/models\/"},{"@type":"ListItem","position":2,"name":"O Prefeito Anderson Sousa Nomeou novo Secret\u00e1rio de Produ\u00e7\u00e3o Rural de Rio Preto da Eva"}]},{"@type":"WebSite","@id":"https:\/\/markd.com.br\/models\/#website","url":"https:\/\/markd.com.br\/models\/","name":"Not\u00edcias de Todos - Models01","description":"Tenha um Portal de Not\u00edcias Moderno, Din\u00e2mico, R\u00e1pido e Profissional. Entregamos seu Site de  Not\u00edcias Pronto, Instalado, Hospedado, com Manual Passo a Passo e Suporte 24 horas.","potentialAction":[{"@type":"SearchAction","target":{"@type":"EntryPoint","urlTemplate":"https:\/\/markd.com.br\/models\/?s={search_term_string}"},"query-input":{"@type":"PropertyValueSpecification","valueRequired":true,"valueName":"search_term_string"}}],"inLanguage":"pt-BR"},{"@type":"Person","@id":"https:\/\/markd.com.br\/models\/#\/schema\/person\/c12a77ab487a7262d8bec3c47301ad37","name":"Reda\u00e7\u00e3o Reda\u00e7\u00e3o","image":{"@type":"ImageObject","inLanguage":"pt-BR","@id":"https:\/\/markd.com.br\/models\/#\/schema\/person\/image\/","url":"https:\/\/secure.gravatar.com\/avatar\/9448f3599ce269febf169e183039b4a6?s=96&d=mm&r=g","contentUrl":"https:\/\/secure.gravatar.com\/avatar\/9448f3599ce269febf169e183039b4a6?s=96&d=mm&r=g","caption":"Reda\u00e7\u00e3o Reda\u00e7\u00e3o"},"sameAs":["https:\/\/markd.com.br\/"],"url":"https:\/\/markd.com.br\/models\/author\/redacao\/"}]}},"featured_image_urls":{"full":["https:\/\/markd.com.br\/models\/wp-content\/uploads\/2022\/03\/275303042_659693105259083_3387656253226424321_n.jpg",640,480,false],"thumbnail":["https:\/\/markd.com.br\/models\/wp-content\/uploads\/2022\/03\/275303042_659693105259083_3387656253226424321_n-150x150.jpg",150,150,true],"medium":["https:\/\/markd.com.br\/models\/wp-content\/uploads\/2022\/03\/275303042_659693105259083_3387656253226424321_n-300x225.jpg",300,225,true],"medium_large":["https:\/\/markd.com.br\/models\/wp-content\/uploads\/2022\/03\/275303042_659693105259083_3387656253226424321_n.jpg",640,480,false],"large":["https:\/\/markd.com.br\/models\/wp-content\/uploads\/2022\/03\/275303042_659693105259083_3387656253226424321_n.jpg",640,480,false],"1536x1536":["https:\/\/markd.com.br\/models\/wp-content\/uploads\/2022\/03\/275303042_659693105259083_3387656253226424321_n.jpg",640,480,false],"2048x2048":["https:\/\/markd.com.br\/models\/wp-content\/uploads\/2022\/03\/275303042_659693105259083_3387656253226424321_n.jpg",640,480,false],"newsphere-slider-full":["https:\/\/markd.com.br\/models\/wp-content\/uploads\/2022\/03\/275303042_659693105259083_3387656253226424321_n.jpg",640,480,false],"newsphere-featured":["https:\/\/markd.com.br\/models\/wp-content\/uploads\/2022\/03\/275303042_659693105259083_3387656253226424321_n.jpg",640,480,false],"newsphere-medium":["https:\/\/markd.com.br\/models\/wp-content\/uploads\/2022\/03\/275303042_659693105259083_3387656253226424321_n-640x380.jpg",640,380,true]},"author_info":{"display_name":"Reda\u00e7\u00e3o Reda\u00e7\u00e3o","author_link":"https:\/\/markd.com.br\/models\/author\/redacao\/"},"category_info":"<a href=\"https:\/\/markd.com.br\/models\/category\/rio-preto-da-eva\/\" rel=\"category tag\">Rio Preto da Eva<\/a>","tag_info":"Rio Preto da Eva","comment_count":"0","jetpack_featured_media_url":"https:\/\/markd.com.br\/models\/wp-content\/uploads\/2022\/03\/275303042_659693105259083_3387656253226424321_n.jpg","_links":{"self":[{"href":"https:\/\/markd.com.br\/models\/wp-json\/wp\/v2\/posts\/727","targetHints":{"allow":["GET"]}}],"collection":[{"href":"https:\/\/markd.com.br\/models\/wp-json\/wp\/v2\/posts"}],"about":[{"href":"https:\/\/markd.com.br\/models\/wp-json\/wp\/v2\/types\/post"}],"author":[{"embeddable":true,"href":"https:\/\/markd.com.br\/models\/wp-json\/wp\/v2\/users\/5"}],"replies":[{"embeddable":true,"href":"https:\/\/markd.com.br\/models\/wp-json\/wp\/v2\/comments?post=727"}],"version-history":[{"count":1,"href":"https:\/\/markd.com.br\/models\/wp-json\/wp\/v2\/posts\/727\/revisions"}],"predecessor-version":[{"id":729,"href":"https:\/\/markd.com.br\/models\/wp-json\/wp\/v2\/posts\/727\/revisions\/729"}],"wp:featuredmedia":[{"embeddable":true,"href":"https:\/\/markd.com.br\/models\/wp-json\/wp\/v2\/media\/728"}],"wp:attachment":[{"href":"https:\/\/markd.com.br\/models\/wp-json\/wp\/v2\/media?parent=727"}],"wp:term":[{"taxonomy":"category","embeddable":true,"href":"https:\/\/markd.com.br\/models\/wp-json\/wp\/v2\/categories?post=727"},{"taxonomy":"post_tag","embeddable":true,"href":"https:\/\/markd.com.br\/models\/wp-json\/wp\/v2\/tags?post=727"}],"curies":[{"name":"wp","href":"https:\/\/api.w.org\/{rel}","templated":true}]}}