{"id":731,"date":"2022-03-11T10:56:57","date_gmt":"2022-03-11T13:56:57","guid":{"rendered":"https:\/\/portaldestaquenoticias.com.br\/?p=731"},"modified":"2022-03-11T10:57:02","modified_gmt":"2022-03-11T13:57:02","slug":"prefeitura-realiza-operacao-para-demolir-imovel-em-risco-de-desabamento","status":"publish","type":"post","link":"https:\/\/markd.com.br\/models\/prefeitura-realiza-operacao-para-demolir-imovel-em-risco-de-desabamento\/","title":{"rendered":"Prefeitura realiza opera\u00e7\u00e3o para demolir im\u00f3vel em risco de desabamento"},"content":{"rendered":"\n<p>A&nbsp;Prefeitura de Manaus, por meio da atua\u00e7\u00e3o conjunta das secretarias municipais da Seguran\u00e7a P\u00fablica Municipal e Defesa Social (Semseg);&nbsp; da Mulher, Assist\u00eancia Social e Cidadania (Semasc); de Infraestrutura (Seminf); e do Instituto Municipal de Mobilidade Urbana (IMMU), atendeu, na noite desta quinta-feira, 10\/3, uma ocorr\u00eancia de risco, em uma resid\u00eancia na rua Professora Isaura Barroncas, no bairro Alvorada, zona Centro-Oeste. Pelo menos oito fam\u00edlias tiveram que sair de tr\u00eas im\u00f3veis que foram afetados.<\/p>\n\n\n\n<p>Na \u00faltima ter\u00e7a-feira, 8, a Defesa Civil foi acionada pela Central 199 para avaliar uma constru\u00e7\u00e3o irregular por cima de \u00e1rea de drenagem de \u00e1guas pluviais, que colocava em risco n\u00e3o apenas os moradores da resid\u00eancia sinistrada, como tamb\u00e9m os vizinhos. Ap\u00f3s a visita t\u00e9cnica a demoli\u00e7\u00e3o da propriedade, foi solicitada pelo \u00f3rg\u00e3o com a concord\u00e2ncia do morador. A a\u00e7\u00e3o que estava prevista para acontecer ainda esta semana, foi realizada nesta quinta-feira.<\/p>\n\n\n\n<p>De acordo com o secret\u00e1rio-executivo da Defesa Civil, coronel Fernando Junior, a atua\u00e7\u00e3o conjunta foi essencial para o sucesso da opera\u00e7\u00e3o. \u201cA Prefeitura de Manaus atuou em coopera\u00e7\u00e3o com a Seminf, Semasc e o Implurb (Instituto Municipal de Planejamento Urbano), para resguardar a vida dos moradores. O corpo t\u00e9cnico decidiu pela demoli\u00e7\u00e3o que acabou sendo realizada. Agora n\u00f3s podemos entregar os im\u00f3veis sem risco de morte para os seus propriet\u00e1rios e com todo aparato para que seja restaurado\u201d, informou.<\/p>\n\n\n\n<p>Segundo ele, o principal objetivo da Defesa Civil \u00e9 levar o senso do risco para as fam\u00edlias<\/p>\n\n\n\n<p>Logo ap\u00f3s o laudo de demoli\u00e7\u00e3o, a Semasc realizou a abordagem das oito fam\u00edlias afetadas, oferecendo os servi\u00e7os sociais da prefeitura.<\/p>\n\n\n\n<p>\u201cPor determina\u00e7\u00e3o do prefeito David Almeida, assim que foi detectado o problema, foi organizada uma a\u00e7\u00e3o conjunta para atender os moradores e minimizar os riscos. Neste primeiro momento as fam\u00edlias foram para as casas de parentes, sendo que duas receberam colch\u00f5es. Estaremos acompanhando essas fam\u00edlias e, de acordo com a necessidade, ser\u00e3o inseridas no Aux\u00edlio-Aluguel\u201d, informou a secret\u00e1ria da Semasc, Jane Mara Moraes.<\/p>\n\n\n\n<p>A Seminf deve continuar os servi\u00e7os na \u00e1rea, j\u00e1 que a rede de drenagem de \u00e1guas pluviais foi comprometida.<\/p>\n\n\n\n<p>\u201cAqui era uma constru\u00e7\u00e3o irregular sobre uma rede de drenagem. A casa foi constru\u00edda em cima de uma caixa, sem a estrutura adequada ou suporte de um profissional de engenharia e por isso fomos acionados para fazer a manuten\u00e7\u00e3o da rede de drenagem. Nesta sexta-feira (11), continuaremos na \u00e1rea para fazer a recupera\u00e7\u00e3o da rede de drenagem que com os materiais da demoli\u00e7\u00e3o acabaram soterrados e a rede passa por debaixo dessas casas\u201d, explicou o subsecret\u00e1rio de Servi\u00e7os B\u00e1sicos da Seminf, Efraim Arag\u00e3o.<\/p>\n\n\n\n<p>Mesmo demolida, a \u00e1rea continuar\u00e1 recebendo a aten\u00e7\u00e3o da prefeitura. Engenheiros da Defesa Civil ir\u00e3o ao local, na manh\u00e3 desta sexta-feira, para fazer uma nova avalia\u00e7\u00e3o e decidir se os moradores das casas pr\u00f3ximas poder\u00e3o retornar ao local.<\/p>\n\n\n\n<p>\u2014 \u2014 \u2014<\/p>\n\n\n\n<p><strong>Texto<\/strong>&nbsp;\u2013 Leonardo Fierro \/ Semasc e Jamyly Macedo \u2013 CCC\/Semseg<\/p>\n\n\n\n<p><strong>Fotos<\/strong>&nbsp;\u2013 Divulga\u00e7\u00e3o \/ Semasc<\/p>\n","protected":false},"excerpt":{"rendered":"<p>A&nbsp;Prefeitura de Manaus, por meio da atua\u00e7\u00e3o conjunta das secretarias municipais da Seguran\u00e7a P\u00fablica Municipal&#8230;<\/p>\n","protected":false},"author":5,"featured_media":732,"comment_status":"open","ping_status":"open","sticky":false,"template":"","format":"standard","meta":{"footnotes":""},"categories":[35],"tags":[43],"class_list":["post-731","post","type-post","status-publish","format-standard","has-post-thumbnail","hentry","category-prefeitura-de-manaus","tag-prefeitura-de-manaus"],"yoast_head":"<!-- This site is optimized with the Yoast SEO plugin v24.4 - https:\/\/yoast.com\/wordpress\/plugins\/seo\/ -->\n<title>Prefeitura realiza opera\u00e7\u00e3o para demolir im\u00f3vel em risco de desabamento - Not\u00edcias de Todos - Models01<\/title>\n<meta name=\"robots\" content=\"index, follow, max-snippet:-1, max-image-preview:large, max-video-preview:-1\" \/>\n<link rel=\"canonical\" href=\"https:\/\/markd.com.br\/models\/prefeitura-realiza-operacao-para-demolir-imovel-em-risco-de-desabamento\/\" \/>\n<meta property=\"og:locale\" content=\"pt_BR\" \/>\n<meta property=\"og:type\" content=\"article\" \/>\n<meta property=\"og:title\" content=\"Prefeitura realiza opera\u00e7\u00e3o para demolir im\u00f3vel em risco de desabamento - Not\u00edcias de Todos - Models01\" \/>\n<meta property=\"og:description\" content=\"A&nbsp;Prefeitura de Manaus, por meio da atua\u00e7\u00e3o conjunta das secretarias municipais da Seguran\u00e7a P\u00fablica Municipal...\" \/>\n<meta property=\"og:url\" content=\"https:\/\/markd.com.br\/models\/prefeitura-realiza-operacao-para-demolir-imovel-em-risco-de-desabamento\/\" \/>\n<meta property=\"og:site_name\" content=\"Not\u00edcias de Todos - Models01\" \/>\n<meta property=\"article:published_time\" content=\"2022-03-11T13:56:57+00:00\" \/>\n<meta property=\"article:modified_time\" content=\"2022-03-11T13:57:02+00:00\" \/>\n<meta property=\"og:image\" content=\"https:\/\/markd.com.br\/models\/wp-content\/uploads\/2022\/03\/f6363fbbaa60a4afa1cd0202b1aff3a8-3.jpg\" \/>\n\t<meta property=\"og:image:width\" content=\"640\" \/>\n\t<meta property=\"og:image:height\" content=\"399\" \/>\n\t<meta property=\"og:image:type\" content=\"image\/jpeg\" \/>\n<meta name=\"author\" content=\"Reda\u00e7\u00e3o Reda\u00e7\u00e3o\" \/>\n<meta name=\"twitter:card\" content=\"summary_large_image\" \/>\n<meta name=\"twitter:label1\" content=\"Escrito por\" \/>\n\t<meta name=\"twitter:data1\" content=\"Reda\u00e7\u00e3o Reda\u00e7\u00e3o\" \/>\n\t<meta name=\"twitter:label2\" content=\"Est. tempo de leitura\" \/>\n\t<meta name=\"twitter:data2\" content=\"3 minutos\" \/>\n<script type=\"application\/ld+json\" class=\"yoast-schema-graph\">{\"@context\":\"https:\/\/schema.org\",\"@graph\":[{\"@type\":\"WebPage\",\"@id\":\"https:\/\/markd.com.br\/models\/prefeitura-realiza-operacao-para-demolir-imovel-em-risco-de-desabamento\/\",\"url\":\"https:\/\/markd.com.br\/models\/prefeitura-realiza-operacao-para-demolir-imovel-em-risco-de-desabamento\/\",\"name\":\"Prefeitura realiza opera\u00e7\u00e3o para demolir im\u00f3vel em risco de desabamento - Not\u00edcias de Todos - Models01\",\"isPartOf\":{\"@id\":\"https:\/\/markd.com.br\/models\/#website\"},\"primaryImageOfPage\":{\"@id\":\"https:\/\/markd.com.br\/models\/prefeitura-realiza-operacao-para-demolir-imovel-em-risco-de-desabamento\/#primaryimage\"},\"image\":{\"@id\":\"https:\/\/markd.com.br\/models\/prefeitura-realiza-operacao-para-demolir-imovel-em-risco-de-desabamento\/#primaryimage\"},\"thumbnailUrl\":\"https:\/\/markd.com.br\/models\/wp-content\/uploads\/2022\/03\/f6363fbbaa60a4afa1cd0202b1aff3a8-3.jpg\",\"datePublished\":\"2022-03-11T13:56:57+00:00\",\"dateModified\":\"2022-03-11T13:57:02+00:00\",\"author\":{\"@id\":\"https:\/\/markd.com.br\/models\/#\/schema\/person\/c12a77ab487a7262d8bec3c47301ad37\"},\"breadcrumb\":{\"@id\":\"https:\/\/markd.com.br\/models\/prefeitura-realiza-operacao-para-demolir-imovel-em-risco-de-desabamento\/#breadcrumb\"},\"inLanguage\":\"pt-BR\",\"potentialAction\":[{\"@type\":\"ReadAction\",\"target\":[\"https:\/\/markd.com.br\/models\/prefeitura-realiza-operacao-para-demolir-imovel-em-risco-de-desabamento\/\"]}]},{\"@type\":\"ImageObject\",\"inLanguage\":\"pt-BR\",\"@id\":\"https:\/\/markd.com.br\/models\/prefeitura-realiza-operacao-para-demolir-imovel-em-risco-de-desabamento\/#primaryimage\",\"url\":\"https:\/\/markd.com.br\/models\/wp-content\/uploads\/2022\/03\/f6363fbbaa60a4afa1cd0202b1aff3a8-3.jpg\",\"contentUrl\":\"https:\/\/markd.com.br\/models\/wp-content\/uploads\/2022\/03\/f6363fbbaa60a4afa1cd0202b1aff3a8-3.jpg\",\"width\":640,\"height\":399},{\"@type\":\"BreadcrumbList\",\"@id\":\"https:\/\/markd.com.br\/models\/prefeitura-realiza-operacao-para-demolir-imovel-em-risco-de-desabamento\/#breadcrumb\",\"itemListElement\":[{\"@type\":\"ListItem\",\"position\":1,\"name\":\"In\u00edcio\",\"item\":\"https:\/\/markd.com.br\/models\/\"},{\"@type\":\"ListItem\",\"position\":2,\"name\":\"Prefeitura realiza opera\u00e7\u00e3o para demolir im\u00f3vel em risco de desabamento\"}]},{\"@type\":\"WebSite\",\"@id\":\"https:\/\/markd.com.br\/models\/#website\",\"url\":\"https:\/\/markd.com.br\/models\/\",\"name\":\"Not\u00edcias de Todos - Models01\",\"description\":\"Tenha um Portal de Not\u00edcias Moderno, Din\u00e2mico, R\u00e1pido e Profissional. Entregamos seu Site de  Not\u00edcias Pronto, Instalado, Hospedado, com Manual Passo a Passo e Suporte 24 horas.\",\"potentialAction\":[{\"@type\":\"SearchAction\",\"target\":{\"@type\":\"EntryPoint\",\"urlTemplate\":\"https:\/\/markd.com.br\/models\/?s={search_term_string}\"},\"query-input\":{\"@type\":\"PropertyValueSpecification\",\"valueRequired\":true,\"valueName\":\"search_term_string\"}}],\"inLanguage\":\"pt-BR\"},{\"@type\":\"Person\",\"@id\":\"https:\/\/markd.com.br\/models\/#\/schema\/person\/c12a77ab487a7262d8bec3c47301ad37\",\"name\":\"Reda\u00e7\u00e3o Reda\u00e7\u00e3o\",\"image\":{\"@type\":\"ImageObject\",\"inLanguage\":\"pt-BR\",\"@id\":\"https:\/\/markd.com.br\/models\/#\/schema\/person\/image\/\",\"url\":\"https:\/\/secure.gravatar.com\/avatar\/9448f3599ce269febf169e183039b4a6?s=96&d=mm&r=g\",\"contentUrl\":\"https:\/\/secure.gravatar.com\/avatar\/9448f3599ce269febf169e183039b4a6?s=96&d=mm&r=g\",\"caption\":\"Reda\u00e7\u00e3o Reda\u00e7\u00e3o\"},\"sameAs\":[\"https:\/\/markd.com.br\/\"],\"url\":\"https:\/\/markd.com.br\/models\/author\/redacao\/\"}]}<\/script>\n<!-- \/ Yoast SEO plugin. -->","yoast_head_json":{"title":"Prefeitura realiza opera\u00e7\u00e3o para demolir im\u00f3vel em risco de desabamento - Not\u00edcias de Todos - Models01","robots":{"index":"index","follow":"follow","max-snippet":"max-snippet:-1","max-image-preview":"max-image-preview:large","max-video-preview":"max-video-preview:-1"},"canonical":"https:\/\/markd.com.br\/models\/prefeitura-realiza-operacao-para-demolir-imovel-em-risco-de-desabamento\/","og_locale":"pt_BR","og_type":"article","og_title":"Prefeitura realiza opera\u00e7\u00e3o para demolir im\u00f3vel em risco de desabamento - Not\u00edcias de Todos - Models01","og_description":"A&nbsp;Prefeitura de Manaus, por meio da atua\u00e7\u00e3o conjunta das secretarias municipais da Seguran\u00e7a P\u00fablica Municipal...","og_url":"https:\/\/markd.com.br\/models\/prefeitura-realiza-operacao-para-demolir-imovel-em-risco-de-desabamento\/","og_site_name":"Not\u00edcias de Todos - Models01","article_published_time":"2022-03-11T13:56:57+00:00","article_modified_time":"2022-03-11T13:57:02+00:00","og_image":[{"width":640,"height":399,"url":"https:\/\/markd.com.br\/models\/wp-content\/uploads\/2022\/03\/f6363fbbaa60a4afa1cd0202b1aff3a8-3.jpg","type":"image\/jpeg"}],"author":"Reda\u00e7\u00e3o Reda\u00e7\u00e3o","twitter_card":"summary_large_image","twitter_misc":{"Escrito por":"Reda\u00e7\u00e3o Reda\u00e7\u00e3o","Est. tempo de leitura":"3 minutos"},"schema":{"@context":"https:\/\/schema.org","@graph":[{"@type":"WebPage","@id":"https:\/\/markd.com.br\/models\/prefeitura-realiza-operacao-para-demolir-imovel-em-risco-de-desabamento\/","url":"https:\/\/markd.com.br\/models\/prefeitura-realiza-operacao-para-demolir-imovel-em-risco-de-desabamento\/","name":"Prefeitura realiza opera\u00e7\u00e3o para demolir im\u00f3vel em risco de desabamento - Not\u00edcias de Todos - Models01","isPartOf":{"@id":"https:\/\/markd.com.br\/models\/#website"},"primaryImageOfPage":{"@id":"https:\/\/markd.com.br\/models\/prefeitura-realiza-operacao-para-demolir-imovel-em-risco-de-desabamento\/#primaryimage"},"image":{"@id":"https:\/\/markd.com.br\/models\/prefeitura-realiza-operacao-para-demolir-imovel-em-risco-de-desabamento\/#primaryimage"},"thumbnailUrl":"https:\/\/markd.com.br\/models\/wp-content\/uploads\/2022\/03\/f6363fbbaa60a4afa1cd0202b1aff3a8-3.jpg","datePublished":"2022-03-11T13:56:57+00:00","dateModified":"2022-03-11T13:57:02+00:00","author":{"@id":"https:\/\/markd.com.br\/models\/#\/schema\/person\/c12a77ab487a7262d8bec3c47301ad37"},"breadcrumb":{"@id":"https:\/\/markd.com.br\/models\/prefeitura-realiza-operacao-para-demolir-imovel-em-risco-de-desabamento\/#breadcrumb"},"inLanguage":"pt-BR","potentialAction":[{"@type":"ReadAction","target":["https:\/\/markd.com.br\/models\/prefeitura-realiza-operacao-para-demolir-imovel-em-risco-de-desabamento\/"]}]},{"@type":"ImageObject","inLanguage":"pt-BR","@id":"https:\/\/markd.com.br\/models\/prefeitura-realiza-operacao-para-demolir-imovel-em-risco-de-desabamento\/#primaryimage","url":"https:\/\/markd.com.br\/models\/wp-content\/uploads\/2022\/03\/f6363fbbaa60a4afa1cd0202b1aff3a8-3.jpg","contentUrl":"https:\/\/markd.com.br\/models\/wp-content\/uploads\/2022\/03\/f6363fbbaa60a4afa1cd0202b1aff3a8-3.jpg","width":640,"height":399},{"@type":"BreadcrumbList","@id":"https:\/\/markd.com.br\/models\/prefeitura-realiza-operacao-para-demolir-imovel-em-risco-de-desabamento\/#breadcrumb","itemListElement":[{"@type":"ListItem","position":1,"name":"In\u00edcio","item":"https:\/\/markd.com.br\/models\/"},{"@type":"ListItem","position":2,"name":"Prefeitura realiza opera\u00e7\u00e3o para demolir im\u00f3vel em risco de desabamento"}]},{"@type":"WebSite","@id":"https:\/\/markd.com.br\/models\/#website","url":"https:\/\/markd.com.br\/models\/","name":"Not\u00edcias de Todos - Models01","description":"Tenha um Portal de Not\u00edcias Moderno, Din\u00e2mico, R\u00e1pido e Profissional. Entregamos seu Site de  Not\u00edcias Pronto, Instalado, Hospedado, com Manual Passo a Passo e Suporte 24 horas.","potentialAction":[{"@type":"SearchAction","target":{"@type":"EntryPoint","urlTemplate":"https:\/\/markd.com.br\/models\/?s={search_term_string}"},"query-input":{"@type":"PropertyValueSpecification","valueRequired":true,"valueName":"search_term_string"}}],"inLanguage":"pt-BR"},{"@type":"Person","@id":"https:\/\/markd.com.br\/models\/#\/schema\/person\/c12a77ab487a7262d8bec3c47301ad37","name":"Reda\u00e7\u00e3o Reda\u00e7\u00e3o","image":{"@type":"ImageObject","inLanguage":"pt-BR","@id":"https:\/\/markd.com.br\/models\/#\/schema\/person\/image\/","url":"https:\/\/secure.gravatar.com\/avatar\/9448f3599ce269febf169e183039b4a6?s=96&d=mm&r=g","contentUrl":"https:\/\/secure.gravatar.com\/avatar\/9448f3599ce269febf169e183039b4a6?s=96&d=mm&r=g","caption":"Reda\u00e7\u00e3o Reda\u00e7\u00e3o"},"sameAs":["https:\/\/markd.com.br\/"],"url":"https:\/\/markd.com.br\/models\/author\/redacao\/"}]}},"featured_image_urls":{"full":["https:\/\/markd.com.br\/models\/wp-content\/uploads\/2022\/03\/f6363fbbaa60a4afa1cd0202b1aff3a8-3.jpg",640,399,false],"thumbnail":["https:\/\/markd.com.br\/models\/wp-content\/uploads\/2022\/03\/f6363fbbaa60a4afa1cd0202b1aff3a8-3-150x150.jpg",150,150,true],"medium":["https:\/\/markd.com.br\/models\/wp-content\/uploads\/2022\/03\/f6363fbbaa60a4afa1cd0202b1aff3a8-3-300x187.jpg",300,187,true],"medium_large":["https:\/\/markd.com.br\/models\/wp-content\/uploads\/2022\/03\/f6363fbbaa60a4afa1cd0202b1aff3a8-3.jpg",640,399,false],"large":["https:\/\/markd.com.br\/models\/wp-content\/uploads\/2022\/03\/f6363fbbaa60a4afa1cd0202b1aff3a8-3.jpg",640,399,false],"1536x1536":["https:\/\/markd.com.br\/models\/wp-content\/uploads\/2022\/03\/f6363fbbaa60a4afa1cd0202b1aff3a8-3.jpg",640,399,false],"2048x2048":["https:\/\/markd.com.br\/models\/wp-content\/uploads\/2022\/03\/f6363fbbaa60a4afa1cd0202b1aff3a8-3.jpg",640,399,false],"newsphere-slider-full":["https:\/\/markd.com.br\/models\/wp-content\/uploads\/2022\/03\/f6363fbbaa60a4afa1cd0202b1aff3a8-3.jpg",640,399,false],"newsphere-featured":["https:\/\/markd.com.br\/models\/wp-content\/uploads\/2022\/03\/f6363fbbaa60a4afa1cd0202b1aff3a8-3.jpg",640,399,false],"newsphere-medium":["https:\/\/markd.com.br\/models\/wp-content\/uploads\/2022\/03\/f6363fbbaa60a4afa1cd0202b1aff3a8-3-640x380.jpg",640,380,true]},"author_info":{"display_name":"Reda\u00e7\u00e3o Reda\u00e7\u00e3o","author_link":"https:\/\/markd.com.br\/models\/author\/redacao\/"},"category_info":"<a href=\"https:\/\/markd.com.br\/models\/category\/prefeitura-de-manaus\/\" rel=\"category tag\">Prefeitura de Manaus<\/a>","tag_info":"Prefeitura de Manaus","comment_count":"0","jetpack_featured_media_url":"https:\/\/markd.com.br\/models\/wp-content\/uploads\/2022\/03\/f6363fbbaa60a4afa1cd0202b1aff3a8-3.jpg","_links":{"self":[{"href":"https:\/\/markd.com.br\/models\/wp-json\/wp\/v2\/posts\/731","targetHints":{"allow":["GET"]}}],"collection":[{"href":"https:\/\/markd.com.br\/models\/wp-json\/wp\/v2\/posts"}],"about":[{"href":"https:\/\/markd.com.br\/models\/wp-json\/wp\/v2\/types\/post"}],"author":[{"embeddable":true,"href":"https:\/\/markd.com.br\/models\/wp-json\/wp\/v2\/users\/5"}],"replies":[{"embeddable":true,"href":"https:\/\/markd.com.br\/models\/wp-json\/wp\/v2\/comments?post=731"}],"version-history":[{"count":1,"href":"https:\/\/markd.com.br\/models\/wp-json\/wp\/v2\/posts\/731\/revisions"}],"predecessor-version":[{"id":733,"href":"https:\/\/markd.com.br\/models\/wp-json\/wp\/v2\/posts\/731\/revisions\/733"}],"wp:featuredmedia":[{"embeddable":true,"href":"https:\/\/markd.com.br\/models\/wp-json\/wp\/v2\/media\/732"}],"wp:attachment":[{"href":"https:\/\/markd.com.br\/models\/wp-json\/wp\/v2\/media?parent=731"}],"wp:term":[{"taxonomy":"category","embeddable":true,"href":"https:\/\/markd.com.br\/models\/wp-json\/wp\/v2\/categories?post=731"},{"taxonomy":"post_tag","embeddable":true,"href":"https:\/\/markd.com.br\/models\/wp-json\/wp\/v2\/tags?post=731"}],"curies":[{"name":"wp","href":"https:\/\/api.w.org\/{rel}","templated":true}]}}