{"id":795,"date":"2022-03-15T13:59:05","date_gmt":"2022-03-15T16:59:05","guid":{"rendered":"https:\/\/portaldestaquenoticias.com.br\/?p=795"},"modified":"2022-03-15T13:59:08","modified_gmt":"2022-03-15T16:59:08","slug":"rio-preto-da-eva-sedia-1a-feira-do-artesanato-indigena-com-apoio-do-governo-do-amazonas","status":"publish","type":"post","link":"https:\/\/markd.com.br\/models\/rio-preto-da-eva-sedia-1a-feira-do-artesanato-indigena-com-apoio-do-governo-do-amazonas\/","title":{"rendered":"Rio Preto da Eva sedia 1\u00aa Feira do Artesanato Ind\u00edgena com apoio do Governo do Amazonas"},"content":{"rendered":"\n<p>O Governo do Amazonas, por meio da Funda\u00e7\u00e3o Estadual do \u00cdndio (FEI), em parceria com a Prefeitura Municipal de Rio Preto da Eva, ir\u00e1 realizar a 1\u00aa Feira do Artesanato Ind\u00edgena naquele munic\u00edpio, distante 57 quil\u00f4metros de Manaus. O evento acontece juntamente com a 5\u00aa Feira da Piscicultura, nos dias 31 de mar\u00e7o e 1\u00ba, 2 e 3 de abril, no balne\u00e1rio municipal, localizado na entrada da cidade.<br><br>Para o diretor-presidente, Zenilton Mura, a iniciativa \u00e9 a porta de entrada para expandir a cultura e o desenvolvimento dos povos ind\u00edgenas.<br><br>\u201cAtualmente temos pe\u00e7as de artesanato e produtos naturais produzidos por ind\u00edgenas que muitos da sociedade n\u00e3o tem conhecimento. Nosso objetivo com a feira \u00e9 poder espalhar o trabalho que \u00e9 feito por eles e, acima de tudo, mostrar a nossa cultura para aqueles que v\u00eam de outros lugares do pa\u00eds e do mundo para nossa regi\u00e3o\u201d, disse.<br><br>A feira aberta ao p\u00fablico ir\u00e1 reunir ind\u00edgenas de diversas etnias, comercializando produtos artesanais que v\u00e3o desde colares, pulseiras e brincos at\u00e9 rem\u00e9dios tradicionais ind\u00edgenas.<br><br><strong>Preven\u00e7\u00e3o<\/strong><\/p>\n\n\n\n<p>A feira ser\u00e1 aberta ao p\u00fablico. Os visitantes dever\u00e3o apresentar na entrada a carteira de vacina\u00e7\u00e3o contra Covid-19 com as doses atualizadas para ter acesso ao local das festividades.&nbsp;<\/p>\n\n\n\n<p><em>*Com informa\u00e7\u00f5es da assessoria<\/em><\/p>\n","protected":false},"excerpt":{"rendered":"<p>O Governo do Amazonas, por meio da Funda\u00e7\u00e3o Estadual do \u00cdndio (FEI), em parceria com&#8230;<\/p>\n","protected":false},"author":5,"featured_media":796,"comment_status":"open","ping_status":"open","sticky":false,"template":"","format":"standard","meta":{"footnotes":""},"categories":[49],"tags":[68],"class_list":["post-795","post","type-post","status-publish","format-standard","has-post-thumbnail","hentry","category-destaques","tag-rio-preto-da-eva"],"yoast_head":"<!-- This site is optimized with the Yoast SEO plugin v24.4 - https:\/\/yoast.com\/wordpress\/plugins\/seo\/ -->\n<title>Rio Preto da Eva sedia 1\u00aa Feira do Artesanato Ind\u00edgena com apoio do Governo do Amazonas - Not\u00edcias de Todos - Models01<\/title>\n<meta name=\"robots\" content=\"index, follow, max-snippet:-1, max-image-preview:large, max-video-preview:-1\" \/>\n<link rel=\"canonical\" href=\"https:\/\/markd.com.br\/models\/rio-preto-da-eva-sedia-1a-feira-do-artesanato-indigena-com-apoio-do-governo-do-amazonas\/\" \/>\n<meta property=\"og:locale\" content=\"pt_BR\" \/>\n<meta property=\"og:type\" content=\"article\" \/>\n<meta property=\"og:title\" content=\"Rio Preto da Eva sedia 1\u00aa Feira do Artesanato Ind\u00edgena com apoio do Governo do Amazonas - Not\u00edcias de Todos - Models01\" \/>\n<meta property=\"og:description\" content=\"O Governo do Amazonas, por meio da Funda\u00e7\u00e3o Estadual do \u00cdndio (FEI), em parceria com...\" \/>\n<meta property=\"og:url\" content=\"https:\/\/markd.com.br\/models\/rio-preto-da-eva-sedia-1a-feira-do-artesanato-indigena-com-apoio-do-governo-do-amazonas\/\" \/>\n<meta property=\"og:site_name\" content=\"Not\u00edcias de Todos - Models01\" \/>\n<meta property=\"article:published_time\" content=\"2022-03-15T16:59:05+00:00\" \/>\n<meta property=\"article:modified_time\" content=\"2022-03-15T16:59:08+00:00\" \/>\n<meta property=\"og:image\" content=\"https:\/\/markd.com.br\/models\/wp-content\/uploads\/2022\/03\/20220315131800whatsapp_image_2022-03-15_at_10.46.29.jpeg\" \/>\n\t<meta property=\"og:image:width\" content=\"640\" \/>\n\t<meta property=\"og:image:height\" content=\"357\" \/>\n\t<meta property=\"og:image:type\" content=\"image\/jpeg\" \/>\n<meta name=\"author\" content=\"Reda\u00e7\u00e3o Reda\u00e7\u00e3o\" \/>\n<meta name=\"twitter:card\" content=\"summary_large_image\" \/>\n<meta name=\"twitter:label1\" content=\"Escrito por\" \/>\n\t<meta name=\"twitter:data1\" content=\"Reda\u00e7\u00e3o Reda\u00e7\u00e3o\" \/>\n\t<meta name=\"twitter:label2\" content=\"Est. tempo de leitura\" \/>\n\t<meta name=\"twitter:data2\" content=\"2 minutos\" \/>\n<script type=\"application\/ld+json\" class=\"yoast-schema-graph\">{\"@context\":\"https:\/\/schema.org\",\"@graph\":[{\"@type\":\"WebPage\",\"@id\":\"https:\/\/markd.com.br\/models\/rio-preto-da-eva-sedia-1a-feira-do-artesanato-indigena-com-apoio-do-governo-do-amazonas\/\",\"url\":\"https:\/\/markd.com.br\/models\/rio-preto-da-eva-sedia-1a-feira-do-artesanato-indigena-com-apoio-do-governo-do-amazonas\/\",\"name\":\"Rio Preto da Eva sedia 1\u00aa Feira do Artesanato Ind\u00edgena com apoio do Governo do Amazonas - Not\u00edcias de Todos - Models01\",\"isPartOf\":{\"@id\":\"https:\/\/markd.com.br\/models\/#website\"},\"primaryImageOfPage\":{\"@id\":\"https:\/\/markd.com.br\/models\/rio-preto-da-eva-sedia-1a-feira-do-artesanato-indigena-com-apoio-do-governo-do-amazonas\/#primaryimage\"},\"image\":{\"@id\":\"https:\/\/markd.com.br\/models\/rio-preto-da-eva-sedia-1a-feira-do-artesanato-indigena-com-apoio-do-governo-do-amazonas\/#primaryimage\"},\"thumbnailUrl\":\"https:\/\/markd.com.br\/models\/wp-content\/uploads\/2022\/03\/20220315131800whatsapp_image_2022-03-15_at_10.46.29.jpeg\",\"datePublished\":\"2022-03-15T16:59:05+00:00\",\"dateModified\":\"2022-03-15T16:59:08+00:00\",\"author\":{\"@id\":\"https:\/\/markd.com.br\/models\/#\/schema\/person\/c12a77ab487a7262d8bec3c47301ad37\"},\"breadcrumb\":{\"@id\":\"https:\/\/markd.com.br\/models\/rio-preto-da-eva-sedia-1a-feira-do-artesanato-indigena-com-apoio-do-governo-do-amazonas\/#breadcrumb\"},\"inLanguage\":\"pt-BR\",\"potentialAction\":[{\"@type\":\"ReadAction\",\"target\":[\"https:\/\/markd.com.br\/models\/rio-preto-da-eva-sedia-1a-feira-do-artesanato-indigena-com-apoio-do-governo-do-amazonas\/\"]}]},{\"@type\":\"ImageObject\",\"inLanguage\":\"pt-BR\",\"@id\":\"https:\/\/markd.com.br\/models\/rio-preto-da-eva-sedia-1a-feira-do-artesanato-indigena-com-apoio-do-governo-do-amazonas\/#primaryimage\",\"url\":\"https:\/\/markd.com.br\/models\/wp-content\/uploads\/2022\/03\/20220315131800whatsapp_image_2022-03-15_at_10.46.29.jpeg\",\"contentUrl\":\"https:\/\/markd.com.br\/models\/wp-content\/uploads\/2022\/03\/20220315131800whatsapp_image_2022-03-15_at_10.46.29.jpeg\",\"width\":640,\"height\":357},{\"@type\":\"BreadcrumbList\",\"@id\":\"https:\/\/markd.com.br\/models\/rio-preto-da-eva-sedia-1a-feira-do-artesanato-indigena-com-apoio-do-governo-do-amazonas\/#breadcrumb\",\"itemListElement\":[{\"@type\":\"ListItem\",\"position\":1,\"name\":\"In\u00edcio\",\"item\":\"https:\/\/markd.com.br\/models\/\"},{\"@type\":\"ListItem\",\"position\":2,\"name\":\"Rio Preto da Eva sedia 1\u00aa Feira do Artesanato Ind\u00edgena com apoio do Governo do Amazonas\"}]},{\"@type\":\"WebSite\",\"@id\":\"https:\/\/markd.com.br\/models\/#website\",\"url\":\"https:\/\/markd.com.br\/models\/\",\"name\":\"Not\u00edcias de Todos - Models01\",\"description\":\"Tenha um Portal de Not\u00edcias Moderno, Din\u00e2mico, R\u00e1pido e Profissional. Entregamos seu Site de  Not\u00edcias Pronto, Instalado, Hospedado, com Manual Passo a Passo e Suporte 24 horas.\",\"potentialAction\":[{\"@type\":\"SearchAction\",\"target\":{\"@type\":\"EntryPoint\",\"urlTemplate\":\"https:\/\/markd.com.br\/models\/?s={search_term_string}\"},\"query-input\":{\"@type\":\"PropertyValueSpecification\",\"valueRequired\":true,\"valueName\":\"search_term_string\"}}],\"inLanguage\":\"pt-BR\"},{\"@type\":\"Person\",\"@id\":\"https:\/\/markd.com.br\/models\/#\/schema\/person\/c12a77ab487a7262d8bec3c47301ad37\",\"name\":\"Reda\u00e7\u00e3o Reda\u00e7\u00e3o\",\"image\":{\"@type\":\"ImageObject\",\"inLanguage\":\"pt-BR\",\"@id\":\"https:\/\/markd.com.br\/models\/#\/schema\/person\/image\/\",\"url\":\"https:\/\/secure.gravatar.com\/avatar\/9448f3599ce269febf169e183039b4a6?s=96&d=mm&r=g\",\"contentUrl\":\"https:\/\/secure.gravatar.com\/avatar\/9448f3599ce269febf169e183039b4a6?s=96&d=mm&r=g\",\"caption\":\"Reda\u00e7\u00e3o Reda\u00e7\u00e3o\"},\"sameAs\":[\"https:\/\/markd.com.br\/\"],\"url\":\"https:\/\/markd.com.br\/models\/author\/redacao\/\"}]}<\/script>\n<!-- \/ Yoast SEO plugin. -->","yoast_head_json":{"title":"Rio Preto da Eva sedia 1\u00aa Feira do Artesanato Ind\u00edgena com apoio do Governo do Amazonas - Not\u00edcias de Todos - Models01","robots":{"index":"index","follow":"follow","max-snippet":"max-snippet:-1","max-image-preview":"max-image-preview:large","max-video-preview":"max-video-preview:-1"},"canonical":"https:\/\/markd.com.br\/models\/rio-preto-da-eva-sedia-1a-feira-do-artesanato-indigena-com-apoio-do-governo-do-amazonas\/","og_locale":"pt_BR","og_type":"article","og_title":"Rio Preto da Eva sedia 1\u00aa Feira do Artesanato Ind\u00edgena com apoio do Governo do Amazonas - Not\u00edcias de Todos - Models01","og_description":"O Governo do Amazonas, por meio da Funda\u00e7\u00e3o Estadual do \u00cdndio (FEI), em parceria com...","og_url":"https:\/\/markd.com.br\/models\/rio-preto-da-eva-sedia-1a-feira-do-artesanato-indigena-com-apoio-do-governo-do-amazonas\/","og_site_name":"Not\u00edcias de Todos - Models01","article_published_time":"2022-03-15T16:59:05+00:00","article_modified_time":"2022-03-15T16:59:08+00:00","og_image":[{"width":640,"height":357,"url":"https:\/\/markd.com.br\/models\/wp-content\/uploads\/2022\/03\/20220315131800whatsapp_image_2022-03-15_at_10.46.29.jpeg","type":"image\/jpeg"}],"author":"Reda\u00e7\u00e3o Reda\u00e7\u00e3o","twitter_card":"summary_large_image","twitter_misc":{"Escrito por":"Reda\u00e7\u00e3o Reda\u00e7\u00e3o","Est. tempo de leitura":"2 minutos"},"schema":{"@context":"https:\/\/schema.org","@graph":[{"@type":"WebPage","@id":"https:\/\/markd.com.br\/models\/rio-preto-da-eva-sedia-1a-feira-do-artesanato-indigena-com-apoio-do-governo-do-amazonas\/","url":"https:\/\/markd.com.br\/models\/rio-preto-da-eva-sedia-1a-feira-do-artesanato-indigena-com-apoio-do-governo-do-amazonas\/","name":"Rio Preto da Eva sedia 1\u00aa Feira do Artesanato Ind\u00edgena com apoio do Governo do Amazonas - Not\u00edcias de Todos - Models01","isPartOf":{"@id":"https:\/\/markd.com.br\/models\/#website"},"primaryImageOfPage":{"@id":"https:\/\/markd.com.br\/models\/rio-preto-da-eva-sedia-1a-feira-do-artesanato-indigena-com-apoio-do-governo-do-amazonas\/#primaryimage"},"image":{"@id":"https:\/\/markd.com.br\/models\/rio-preto-da-eva-sedia-1a-feira-do-artesanato-indigena-com-apoio-do-governo-do-amazonas\/#primaryimage"},"thumbnailUrl":"https:\/\/markd.com.br\/models\/wp-content\/uploads\/2022\/03\/20220315131800whatsapp_image_2022-03-15_at_10.46.29.jpeg","datePublished":"2022-03-15T16:59:05+00:00","dateModified":"2022-03-15T16:59:08+00:00","author":{"@id":"https:\/\/markd.com.br\/models\/#\/schema\/person\/c12a77ab487a7262d8bec3c47301ad37"},"breadcrumb":{"@id":"https:\/\/markd.com.br\/models\/rio-preto-da-eva-sedia-1a-feira-do-artesanato-indigena-com-apoio-do-governo-do-amazonas\/#breadcrumb"},"inLanguage":"pt-BR","potentialAction":[{"@type":"ReadAction","target":["https:\/\/markd.com.br\/models\/rio-preto-da-eva-sedia-1a-feira-do-artesanato-indigena-com-apoio-do-governo-do-amazonas\/"]}]},{"@type":"ImageObject","inLanguage":"pt-BR","@id":"https:\/\/markd.com.br\/models\/rio-preto-da-eva-sedia-1a-feira-do-artesanato-indigena-com-apoio-do-governo-do-amazonas\/#primaryimage","url":"https:\/\/markd.com.br\/models\/wp-content\/uploads\/2022\/03\/20220315131800whatsapp_image_2022-03-15_at_10.46.29.jpeg","contentUrl":"https:\/\/markd.com.br\/models\/wp-content\/uploads\/2022\/03\/20220315131800whatsapp_image_2022-03-15_at_10.46.29.jpeg","width":640,"height":357},{"@type":"BreadcrumbList","@id":"https:\/\/markd.com.br\/models\/rio-preto-da-eva-sedia-1a-feira-do-artesanato-indigena-com-apoio-do-governo-do-amazonas\/#breadcrumb","itemListElement":[{"@type":"ListItem","position":1,"name":"In\u00edcio","item":"https:\/\/markd.com.br\/models\/"},{"@type":"ListItem","position":2,"name":"Rio Preto da Eva sedia 1\u00aa Feira do Artesanato Ind\u00edgena com apoio do Governo do Amazonas"}]},{"@type":"WebSite","@id":"https:\/\/markd.com.br\/models\/#website","url":"https:\/\/markd.com.br\/models\/","name":"Not\u00edcias de Todos - Models01","description":"Tenha um Portal de Not\u00edcias Moderno, Din\u00e2mico, R\u00e1pido e Profissional. Entregamos seu Site de  Not\u00edcias Pronto, Instalado, Hospedado, com Manual Passo a Passo e Suporte 24 horas.","potentialAction":[{"@type":"SearchAction","target":{"@type":"EntryPoint","urlTemplate":"https:\/\/markd.com.br\/models\/?s={search_term_string}"},"query-input":{"@type":"PropertyValueSpecification","valueRequired":true,"valueName":"search_term_string"}}],"inLanguage":"pt-BR"},{"@type":"Person","@id":"https:\/\/markd.com.br\/models\/#\/schema\/person\/c12a77ab487a7262d8bec3c47301ad37","name":"Reda\u00e7\u00e3o Reda\u00e7\u00e3o","image":{"@type":"ImageObject","inLanguage":"pt-BR","@id":"https:\/\/markd.com.br\/models\/#\/schema\/person\/image\/","url":"https:\/\/secure.gravatar.com\/avatar\/9448f3599ce269febf169e183039b4a6?s=96&d=mm&r=g","contentUrl":"https:\/\/secure.gravatar.com\/avatar\/9448f3599ce269febf169e183039b4a6?s=96&d=mm&r=g","caption":"Reda\u00e7\u00e3o Reda\u00e7\u00e3o"},"sameAs":["https:\/\/markd.com.br\/"],"url":"https:\/\/markd.com.br\/models\/author\/redacao\/"}]}},"featured_image_urls":{"full":["https:\/\/markd.com.br\/models\/wp-content\/uploads\/2022\/03\/20220315131800whatsapp_image_2022-03-15_at_10.46.29.jpeg",640,357,false],"thumbnail":["https:\/\/markd.com.br\/models\/wp-content\/uploads\/2022\/03\/20220315131800whatsapp_image_2022-03-15_at_10.46.29-150x150.jpeg",150,150,true],"medium":["https:\/\/markd.com.br\/models\/wp-content\/uploads\/2022\/03\/20220315131800whatsapp_image_2022-03-15_at_10.46.29-300x167.jpeg",300,167,true],"medium_large":["https:\/\/markd.com.br\/models\/wp-content\/uploads\/2022\/03\/20220315131800whatsapp_image_2022-03-15_at_10.46.29.jpeg",640,357,false],"large":["https:\/\/markd.com.br\/models\/wp-content\/uploads\/2022\/03\/20220315131800whatsapp_image_2022-03-15_at_10.46.29.jpeg",640,357,false],"1536x1536":["https:\/\/markd.com.br\/models\/wp-content\/uploads\/2022\/03\/20220315131800whatsapp_image_2022-03-15_at_10.46.29.jpeg",640,357,false],"2048x2048":["https:\/\/markd.com.br\/models\/wp-content\/uploads\/2022\/03\/20220315131800whatsapp_image_2022-03-15_at_10.46.29.jpeg",640,357,false],"newsphere-slider-full":["https:\/\/markd.com.br\/models\/wp-content\/uploads\/2022\/03\/20220315131800whatsapp_image_2022-03-15_at_10.46.29.jpeg",640,357,false],"newsphere-featured":["https:\/\/markd.com.br\/models\/wp-content\/uploads\/2022\/03\/20220315131800whatsapp_image_2022-03-15_at_10.46.29.jpeg",640,357,false],"newsphere-medium":["https:\/\/markd.com.br\/models\/wp-content\/uploads\/2022\/03\/20220315131800whatsapp_image_2022-03-15_at_10.46.29.jpeg",640,357,false]},"author_info":{"display_name":"Reda\u00e7\u00e3o Reda\u00e7\u00e3o","author_link":"https:\/\/markd.com.br\/models\/author\/redacao\/"},"category_info":"<a href=\"https:\/\/markd.com.br\/models\/category\/destaques\/\" rel=\"category tag\">destaques<\/a>","tag_info":"destaques","comment_count":"0","jetpack_featured_media_url":"https:\/\/markd.com.br\/models\/wp-content\/uploads\/2022\/03\/20220315131800whatsapp_image_2022-03-15_at_10.46.29.jpeg","_links":{"self":[{"href":"https:\/\/markd.com.br\/models\/wp-json\/wp\/v2\/posts\/795","targetHints":{"allow":["GET"]}}],"collection":[{"href":"https:\/\/markd.com.br\/models\/wp-json\/wp\/v2\/posts"}],"about":[{"href":"https:\/\/markd.com.br\/models\/wp-json\/wp\/v2\/types\/post"}],"author":[{"embeddable":true,"href":"https:\/\/markd.com.br\/models\/wp-json\/wp\/v2\/users\/5"}],"replies":[{"embeddable":true,"href":"https:\/\/markd.com.br\/models\/wp-json\/wp\/v2\/comments?post=795"}],"version-history":[{"count":1,"href":"https:\/\/markd.com.br\/models\/wp-json\/wp\/v2\/posts\/795\/revisions"}],"predecessor-version":[{"id":797,"href":"https:\/\/markd.com.br\/models\/wp-json\/wp\/v2\/posts\/795\/revisions\/797"}],"wp:featuredmedia":[{"embeddable":true,"href":"https:\/\/markd.com.br\/models\/wp-json\/wp\/v2\/media\/796"}],"wp:attachment":[{"href":"https:\/\/markd.com.br\/models\/wp-json\/wp\/v2\/media?parent=795"}],"wp:term":[{"taxonomy":"category","embeddable":true,"href":"https:\/\/markd.com.br\/models\/wp-json\/wp\/v2\/categories?post=795"},{"taxonomy":"post_tag","embeddable":true,"href":"https:\/\/markd.com.br\/models\/wp-json\/wp\/v2\/tags?post=795"}],"curies":[{"name":"wp","href":"https:\/\/api.w.org\/{rel}","templated":true}]}}