{"id":804,"date":"2022-03-15T19:13:31","date_gmt":"2022-03-15T22:13:31","guid":{"rendered":"https:\/\/portaldestaquenoticias.com.br\/?p=804"},"modified":"2022-03-15T19:13:37","modified_gmt":"2022-03-15T22:13:37","slug":"preso-enforca-esposa-ate-a-morte-durante-visita-intima-em-presidio","status":"publish","type":"post","link":"https:\/\/markd.com.br\/models\/preso-enforca-esposa-ate-a-morte-durante-visita-intima-em-presidio\/","title":{"rendered":"Preso enforca esposa at\u00e9 a morte durante visita \u00edntima em pres\u00eddio"},"content":{"rendered":"\n<p>No \u00faltimo domingo, 13, um detento da Penitenci\u00e1ria de Mirand\u00f3polis, no interior de S\u00e3o Paulo, matou a esposa enforcado durante visita \u00edntima.&nbsp;<\/p>\n\n\n\n<p>Segundo a pol\u00edcia, o detento avisou que assassinou e cortou os cabelos da jovem. O corpo de Patr\u00edcia, permaneceu dentro da cena de 13h \u00e0s 15h e o crime s\u00f3 foi descoberto ao fim do hor\u00e1rio da visita.<\/p>\n\n\n\n<p>O detento identificado como&nbsp;Wellys disse que matou a esposa por conta de uma trai\u00e7\u00e3o. O homem est\u00e1 preso por tr\u00e1fico de drogas e agora vai responder&nbsp;por feminic\u00eddio.<\/p>\n\n\n\n<p>A Secretaria da Administra\u00e7\u00e3o Penitenci\u00e1ria I Nestor Canoa (SAP), em nota, afirmou que Wellys foi isolado. O \u00f3rg\u00e3o tamb\u00e9m abriu um procedimento disciplinar e preliminar para averiguar os fatos.<\/p>\n\n\n\n<p><em><strong>Com informa\u00e7\u00f5es do Metr\u00f3poles<\/strong><\/em><\/p>\n","protected":false},"excerpt":{"rendered":"<p>No \u00faltimo domingo, 13, um detento da Penitenci\u00e1ria de Mirand\u00f3polis, no interior de S\u00e3o Paulo,&#8230;<\/p>\n","protected":false},"author":5,"featured_media":805,"comment_status":"open","ping_status":"open","sticky":false,"template":"","format":"standard","meta":{"footnotes":""},"categories":[34],"tags":[44],"class_list":["post-804","post","type-post","status-publish","format-standard","has-post-thumbnail","hentry","category-musica","tag-policia-2"],"yoast_head":"<!-- This site is optimized with the Yoast SEO plugin v24.4 - https:\/\/yoast.com\/wordpress\/plugins\/seo\/ -->\n<title>Preso enforca esposa at\u00e9 a morte durante visita \u00edntima em pres\u00eddio - Not\u00edcias de Todos - Models01<\/title>\n<meta name=\"robots\" content=\"index, follow, max-snippet:-1, max-image-preview:large, max-video-preview:-1\" \/>\n<link rel=\"canonical\" href=\"https:\/\/markd.com.br\/models\/preso-enforca-esposa-ate-a-morte-durante-visita-intima-em-presidio\/\" \/>\n<meta property=\"og:locale\" content=\"pt_BR\" \/>\n<meta property=\"og:type\" content=\"article\" \/>\n<meta property=\"og:title\" content=\"Preso enforca esposa at\u00e9 a morte durante visita \u00edntima em pres\u00eddio - Not\u00edcias de Todos - Models01\" \/>\n<meta property=\"og:description\" content=\"No \u00faltimo domingo, 13, um detento da Penitenci\u00e1ria de Mirand\u00f3polis, no interior de S\u00e3o Paulo,...\" \/>\n<meta property=\"og:url\" content=\"https:\/\/markd.com.br\/models\/preso-enforca-esposa-ate-a-morte-durante-visita-intima-em-presidio\/\" \/>\n<meta property=\"og:site_name\" content=\"Not\u00edcias de Todos - Models01\" \/>\n<meta property=\"article:published_time\" content=\"2022-03-15T22:13:31+00:00\" \/>\n<meta property=\"article:modified_time\" content=\"2022-03-15T22:13:37+00:00\" \/>\n<meta property=\"og:image\" content=\"https:\/\/markd.com.br\/models\/wp-content\/uploads\/2022\/03\/whatsapp-image-2022-03-15-at-154625.jpeg\" \/>\n\t<meta property=\"og:image:width\" content=\"650\" \/>\n\t<meta property=\"og:image:height\" content=\"433\" \/>\n\t<meta property=\"og:image:type\" content=\"image\/jpeg\" \/>\n<meta name=\"author\" content=\"Reda\u00e7\u00e3o Reda\u00e7\u00e3o\" \/>\n<meta name=\"twitter:card\" content=\"summary_large_image\" \/>\n<meta name=\"twitter:label1\" content=\"Escrito por\" \/>\n\t<meta name=\"twitter:data1\" content=\"Reda\u00e7\u00e3o Reda\u00e7\u00e3o\" \/>\n\t<meta name=\"twitter:label2\" content=\"Est. tempo de leitura\" \/>\n\t<meta name=\"twitter:data2\" content=\"1 minuto\" \/>\n<script type=\"application\/ld+json\" class=\"yoast-schema-graph\">{\"@context\":\"https:\/\/schema.org\",\"@graph\":[{\"@type\":\"WebPage\",\"@id\":\"https:\/\/markd.com.br\/models\/preso-enforca-esposa-ate-a-morte-durante-visita-intima-em-presidio\/\",\"url\":\"https:\/\/markd.com.br\/models\/preso-enforca-esposa-ate-a-morte-durante-visita-intima-em-presidio\/\",\"name\":\"Preso enforca esposa at\u00e9 a morte durante visita \u00edntima em pres\u00eddio - Not\u00edcias de Todos - Models01\",\"isPartOf\":{\"@id\":\"https:\/\/markd.com.br\/models\/#website\"},\"primaryImageOfPage\":{\"@id\":\"https:\/\/markd.com.br\/models\/preso-enforca-esposa-ate-a-morte-durante-visita-intima-em-presidio\/#primaryimage\"},\"image\":{\"@id\":\"https:\/\/markd.com.br\/models\/preso-enforca-esposa-ate-a-morte-durante-visita-intima-em-presidio\/#primaryimage\"},\"thumbnailUrl\":\"https:\/\/markd.com.br\/models\/wp-content\/uploads\/2022\/03\/whatsapp-image-2022-03-15-at-154625.jpeg\",\"datePublished\":\"2022-03-15T22:13:31+00:00\",\"dateModified\":\"2022-03-15T22:13:37+00:00\",\"author\":{\"@id\":\"https:\/\/markd.com.br\/models\/#\/schema\/person\/c12a77ab487a7262d8bec3c47301ad37\"},\"breadcrumb\":{\"@id\":\"https:\/\/markd.com.br\/models\/preso-enforca-esposa-ate-a-morte-durante-visita-intima-em-presidio\/#breadcrumb\"},\"inLanguage\":\"pt-BR\",\"potentialAction\":[{\"@type\":\"ReadAction\",\"target\":[\"https:\/\/markd.com.br\/models\/preso-enforca-esposa-ate-a-morte-durante-visita-intima-em-presidio\/\"]}]},{\"@type\":\"ImageObject\",\"inLanguage\":\"pt-BR\",\"@id\":\"https:\/\/markd.com.br\/models\/preso-enforca-esposa-ate-a-morte-durante-visita-intima-em-presidio\/#primaryimage\",\"url\":\"https:\/\/markd.com.br\/models\/wp-content\/uploads\/2022\/03\/whatsapp-image-2022-03-15-at-154625.jpeg\",\"contentUrl\":\"https:\/\/markd.com.br\/models\/wp-content\/uploads\/2022\/03\/whatsapp-image-2022-03-15-at-154625.jpeg\",\"width\":650,\"height\":433},{\"@type\":\"BreadcrumbList\",\"@id\":\"https:\/\/markd.com.br\/models\/preso-enforca-esposa-ate-a-morte-durante-visita-intima-em-presidio\/#breadcrumb\",\"itemListElement\":[{\"@type\":\"ListItem\",\"position\":1,\"name\":\"In\u00edcio\",\"item\":\"https:\/\/markd.com.br\/models\/\"},{\"@type\":\"ListItem\",\"position\":2,\"name\":\"Preso enforca esposa at\u00e9 a morte durante visita \u00edntima em pres\u00eddio\"}]},{\"@type\":\"WebSite\",\"@id\":\"https:\/\/markd.com.br\/models\/#website\",\"url\":\"https:\/\/markd.com.br\/models\/\",\"name\":\"Not\u00edcias de Todos - Models01\",\"description\":\"Tenha um Portal de Not\u00edcias Moderno, Din\u00e2mico, R\u00e1pido e Profissional. Entregamos seu Site de  Not\u00edcias Pronto, Instalado, Hospedado, com Manual Passo a Passo e Suporte 24 horas.\",\"potentialAction\":[{\"@type\":\"SearchAction\",\"target\":{\"@type\":\"EntryPoint\",\"urlTemplate\":\"https:\/\/markd.com.br\/models\/?s={search_term_string}\"},\"query-input\":{\"@type\":\"PropertyValueSpecification\",\"valueRequired\":true,\"valueName\":\"search_term_string\"}}],\"inLanguage\":\"pt-BR\"},{\"@type\":\"Person\",\"@id\":\"https:\/\/markd.com.br\/models\/#\/schema\/person\/c12a77ab487a7262d8bec3c47301ad37\",\"name\":\"Reda\u00e7\u00e3o Reda\u00e7\u00e3o\",\"image\":{\"@type\":\"ImageObject\",\"inLanguage\":\"pt-BR\",\"@id\":\"https:\/\/markd.com.br\/models\/#\/schema\/person\/image\/\",\"url\":\"https:\/\/secure.gravatar.com\/avatar\/9448f3599ce269febf169e183039b4a6?s=96&d=mm&r=g\",\"contentUrl\":\"https:\/\/secure.gravatar.com\/avatar\/9448f3599ce269febf169e183039b4a6?s=96&d=mm&r=g\",\"caption\":\"Reda\u00e7\u00e3o Reda\u00e7\u00e3o\"},\"sameAs\":[\"https:\/\/markd.com.br\/\"],\"url\":\"https:\/\/markd.com.br\/models\/author\/redacao\/\"}]}<\/script>\n<!-- \/ Yoast SEO plugin. -->","yoast_head_json":{"title":"Preso enforca esposa at\u00e9 a morte durante visita \u00edntima em pres\u00eddio - Not\u00edcias de Todos - Models01","robots":{"index":"index","follow":"follow","max-snippet":"max-snippet:-1","max-image-preview":"max-image-preview:large","max-video-preview":"max-video-preview:-1"},"canonical":"https:\/\/markd.com.br\/models\/preso-enforca-esposa-ate-a-morte-durante-visita-intima-em-presidio\/","og_locale":"pt_BR","og_type":"article","og_title":"Preso enforca esposa at\u00e9 a morte durante visita \u00edntima em pres\u00eddio - Not\u00edcias de Todos - Models01","og_description":"No \u00faltimo domingo, 13, um detento da Penitenci\u00e1ria de Mirand\u00f3polis, no interior de S\u00e3o Paulo,...","og_url":"https:\/\/markd.com.br\/models\/preso-enforca-esposa-ate-a-morte-durante-visita-intima-em-presidio\/","og_site_name":"Not\u00edcias de Todos - Models01","article_published_time":"2022-03-15T22:13:31+00:00","article_modified_time":"2022-03-15T22:13:37+00:00","og_image":[{"width":650,"height":433,"url":"https:\/\/markd.com.br\/models\/wp-content\/uploads\/2022\/03\/whatsapp-image-2022-03-15-at-154625.jpeg","type":"image\/jpeg"}],"author":"Reda\u00e7\u00e3o Reda\u00e7\u00e3o","twitter_card":"summary_large_image","twitter_misc":{"Escrito por":"Reda\u00e7\u00e3o Reda\u00e7\u00e3o","Est. tempo de leitura":"1 minuto"},"schema":{"@context":"https:\/\/schema.org","@graph":[{"@type":"WebPage","@id":"https:\/\/markd.com.br\/models\/preso-enforca-esposa-ate-a-morte-durante-visita-intima-em-presidio\/","url":"https:\/\/markd.com.br\/models\/preso-enforca-esposa-ate-a-morte-durante-visita-intima-em-presidio\/","name":"Preso enforca esposa at\u00e9 a morte durante visita \u00edntima em pres\u00eddio - Not\u00edcias de Todos - Models01","isPartOf":{"@id":"https:\/\/markd.com.br\/models\/#website"},"primaryImageOfPage":{"@id":"https:\/\/markd.com.br\/models\/preso-enforca-esposa-ate-a-morte-durante-visita-intima-em-presidio\/#primaryimage"},"image":{"@id":"https:\/\/markd.com.br\/models\/preso-enforca-esposa-ate-a-morte-durante-visita-intima-em-presidio\/#primaryimage"},"thumbnailUrl":"https:\/\/markd.com.br\/models\/wp-content\/uploads\/2022\/03\/whatsapp-image-2022-03-15-at-154625.jpeg","datePublished":"2022-03-15T22:13:31+00:00","dateModified":"2022-03-15T22:13:37+00:00","author":{"@id":"https:\/\/markd.com.br\/models\/#\/schema\/person\/c12a77ab487a7262d8bec3c47301ad37"},"breadcrumb":{"@id":"https:\/\/markd.com.br\/models\/preso-enforca-esposa-ate-a-morte-durante-visita-intima-em-presidio\/#breadcrumb"},"inLanguage":"pt-BR","potentialAction":[{"@type":"ReadAction","target":["https:\/\/markd.com.br\/models\/preso-enforca-esposa-ate-a-morte-durante-visita-intima-em-presidio\/"]}]},{"@type":"ImageObject","inLanguage":"pt-BR","@id":"https:\/\/markd.com.br\/models\/preso-enforca-esposa-ate-a-morte-durante-visita-intima-em-presidio\/#primaryimage","url":"https:\/\/markd.com.br\/models\/wp-content\/uploads\/2022\/03\/whatsapp-image-2022-03-15-at-154625.jpeg","contentUrl":"https:\/\/markd.com.br\/models\/wp-content\/uploads\/2022\/03\/whatsapp-image-2022-03-15-at-154625.jpeg","width":650,"height":433},{"@type":"BreadcrumbList","@id":"https:\/\/markd.com.br\/models\/preso-enforca-esposa-ate-a-morte-durante-visita-intima-em-presidio\/#breadcrumb","itemListElement":[{"@type":"ListItem","position":1,"name":"In\u00edcio","item":"https:\/\/markd.com.br\/models\/"},{"@type":"ListItem","position":2,"name":"Preso enforca esposa at\u00e9 a morte durante visita \u00edntima em pres\u00eddio"}]},{"@type":"WebSite","@id":"https:\/\/markd.com.br\/models\/#website","url":"https:\/\/markd.com.br\/models\/","name":"Not\u00edcias de Todos - Models01","description":"Tenha um Portal de Not\u00edcias Moderno, Din\u00e2mico, R\u00e1pido e Profissional. Entregamos seu Site de  Not\u00edcias Pronto, Instalado, Hospedado, com Manual Passo a Passo e Suporte 24 horas.","potentialAction":[{"@type":"SearchAction","target":{"@type":"EntryPoint","urlTemplate":"https:\/\/markd.com.br\/models\/?s={search_term_string}"},"query-input":{"@type":"PropertyValueSpecification","valueRequired":true,"valueName":"search_term_string"}}],"inLanguage":"pt-BR"},{"@type":"Person","@id":"https:\/\/markd.com.br\/models\/#\/schema\/person\/c12a77ab487a7262d8bec3c47301ad37","name":"Reda\u00e7\u00e3o Reda\u00e7\u00e3o","image":{"@type":"ImageObject","inLanguage":"pt-BR","@id":"https:\/\/markd.com.br\/models\/#\/schema\/person\/image\/","url":"https:\/\/secure.gravatar.com\/avatar\/9448f3599ce269febf169e183039b4a6?s=96&d=mm&r=g","contentUrl":"https:\/\/secure.gravatar.com\/avatar\/9448f3599ce269febf169e183039b4a6?s=96&d=mm&r=g","caption":"Reda\u00e7\u00e3o Reda\u00e7\u00e3o"},"sameAs":["https:\/\/markd.com.br\/"],"url":"https:\/\/markd.com.br\/models\/author\/redacao\/"}]}},"featured_image_urls":{"full":["https:\/\/markd.com.br\/models\/wp-content\/uploads\/2022\/03\/whatsapp-image-2022-03-15-at-154625.jpeg",650,433,false],"thumbnail":["https:\/\/markd.com.br\/models\/wp-content\/uploads\/2022\/03\/whatsapp-image-2022-03-15-at-154625-150x150.jpeg",150,150,true],"medium":["https:\/\/markd.com.br\/models\/wp-content\/uploads\/2022\/03\/whatsapp-image-2022-03-15-at-154625-300x200.jpeg",300,200,true],"medium_large":["https:\/\/markd.com.br\/models\/wp-content\/uploads\/2022\/03\/whatsapp-image-2022-03-15-at-154625.jpeg",640,426,false],"large":["https:\/\/markd.com.br\/models\/wp-content\/uploads\/2022\/03\/whatsapp-image-2022-03-15-at-154625.jpeg",640,426,false],"1536x1536":["https:\/\/markd.com.br\/models\/wp-content\/uploads\/2022\/03\/whatsapp-image-2022-03-15-at-154625.jpeg",650,433,false],"2048x2048":["https:\/\/markd.com.br\/models\/wp-content\/uploads\/2022\/03\/whatsapp-image-2022-03-15-at-154625.jpeg",650,433,false],"newsphere-slider-full":["https:\/\/markd.com.br\/models\/wp-content\/uploads\/2022\/03\/whatsapp-image-2022-03-15-at-154625.jpeg",650,433,false],"newsphere-featured":["https:\/\/markd.com.br\/models\/wp-content\/uploads\/2022\/03\/whatsapp-image-2022-03-15-at-154625.jpeg",650,433,false],"newsphere-medium":["https:\/\/markd.com.br\/models\/wp-content\/uploads\/2022\/03\/whatsapp-image-2022-03-15-at-154625-650x380.jpeg",650,380,true]},"author_info":{"display_name":"Reda\u00e7\u00e3o Reda\u00e7\u00e3o","author_link":"https:\/\/markd.com.br\/models\/author\/redacao\/"},"category_info":"<a href=\"https:\/\/markd.com.br\/models\/category\/musica\/\" rel=\"category tag\">Pol\u00edcia<\/a>","tag_info":"Pol\u00edcia","comment_count":"0","jetpack_featured_media_url":"https:\/\/markd.com.br\/models\/wp-content\/uploads\/2022\/03\/whatsapp-image-2022-03-15-at-154625.jpeg","_links":{"self":[{"href":"https:\/\/markd.com.br\/models\/wp-json\/wp\/v2\/posts\/804","targetHints":{"allow":["GET"]}}],"collection":[{"href":"https:\/\/markd.com.br\/models\/wp-json\/wp\/v2\/posts"}],"about":[{"href":"https:\/\/markd.com.br\/models\/wp-json\/wp\/v2\/types\/post"}],"author":[{"embeddable":true,"href":"https:\/\/markd.com.br\/models\/wp-json\/wp\/v2\/users\/5"}],"replies":[{"embeddable":true,"href":"https:\/\/markd.com.br\/models\/wp-json\/wp\/v2\/comments?post=804"}],"version-history":[{"count":1,"href":"https:\/\/markd.com.br\/models\/wp-json\/wp\/v2\/posts\/804\/revisions"}],"predecessor-version":[{"id":806,"href":"https:\/\/markd.com.br\/models\/wp-json\/wp\/v2\/posts\/804\/revisions\/806"}],"wp:featuredmedia":[{"embeddable":true,"href":"https:\/\/markd.com.br\/models\/wp-json\/wp\/v2\/media\/805"}],"wp:attachment":[{"href":"https:\/\/markd.com.br\/models\/wp-json\/wp\/v2\/media?parent=804"}],"wp:term":[{"taxonomy":"category","embeddable":true,"href":"https:\/\/markd.com.br\/models\/wp-json\/wp\/v2\/categories?post=804"},{"taxonomy":"post_tag","embeddable":true,"href":"https:\/\/markd.com.br\/models\/wp-json\/wp\/v2\/tags?post=804"}],"curies":[{"name":"wp","href":"https:\/\/api.w.org\/{rel}","templated":true}]}}