{"id":852,"date":"2022-03-25T20:41:48","date_gmt":"2022-03-25T23:41:48","guid":{"rendered":"https:\/\/portaldestaquenoticias.com.br\/?p=852"},"modified":"2022-03-25T20:41:51","modified_gmt":"2022-03-25T23:41:51","slug":"mulher-tenta-apartar-briga-dentro-de-onibus-e-e-morta-a-facada-por-vendedor-ambulante","status":"publish","type":"post","link":"https:\/\/markd.com.br\/models\/mulher-tenta-apartar-briga-dentro-de-onibus-e-e-morta-a-facada-por-vendedor-ambulante\/","title":{"rendered":"Mulher tenta apartar briga dentro de \u00f4nibus e \u00e9 morta a facada por vendedor ambulante"},"content":{"rendered":"\n<p class=\"has-text-align-center has-vivid-cyan-blue-color has-text-color\"> <strong><em>A briga teria come\u00e7ado por causa de um doce.<\/em><\/strong><\/p>\n\n\n\n<p>Na tarde da \u00faltima quinta-feira, 24, uma mulher identificada como Samantha Mantovani Muniz, de 35 anos, morreu ap\u00f3s levar um golpe de faca enquanto tentava separar uma briga dentro de um \u00f4nibus do transporte coletivo no centro de\u00a0Curitiba, no Paran\u00e1. Na ocasi\u00e3o, a v\u00edtima tentou evitar uma discuss\u00e3o entre um vendedor ambulante e um passageiro que estavam dentro do ve\u00edculo.<\/p>\n\n\n\n<p>O delegado respons\u00e1vel pelas investiga\u00e7\u00f5es, Tito Barichello, cita que este \u201c\u00c9 um caso grav\u00edssimo e tudo indica que a briga entre essas duas pessoas foi por motivo f\u00fatil. Um ambulante que vende produtos dentro de \u00f4nibus brigou com uma terceira pessoa por causa de uma cocada. Esse vendedor estava com uma pequena faca e acabou agredindo e matando a v\u00edtima que n\u00e3o tinha nada a ver com a discuss\u00e3o e tentou aliviar os \u00e2nimos\u201d.<\/p>\n\n\n\n<p>Ele conta que Samantha foi atingida no pesco\u00e7o e morreu dentro do coletivo, j\u00e1 a terceira pessoa envolvida no conflito n\u00e3o ficou ferida. O&nbsp;autor da facada&nbsp;conseguiu fugir e ainda n\u00e3o foi localizado. O delegado destaca que&nbsp;\u201cJ\u00e1 temos a informa\u00e7\u00e3o que o suspeito sempre faz esse trajeto vendendo cocada. As imagens de c\u00e2meras de seguran\u00e7a v\u00e3o ajudar a elucidar esse crime o mais r\u00e1pido poss\u00edvel. Qualquer informa\u00e7\u00e3o, em forma de den\u00fancia, colabora com as nossas investiga\u00e7\u00f5es\u201d e cita que tamb\u00e9m liberou uma imagem do suspeito com o objetivo de colher informa\u00e7\u00f5es que possam levar \u00e0 identifica\u00e7\u00e3o e localiza\u00e7\u00e3o dele. As den\u00fancias podem ser feitas anonimamente pelo telefone&nbsp;<a href=\"tel:0800-6431121\">0800-6431121<\/a>.<\/p>\n\n\n\n<p>Em nota, o Sindicato das Empresas de \u00d4nibus de Curitiba lamentou o crime e diz que a Arauc\u00e1ria Transporte Coletivo, empresa respons\u00e1vel pelo \u00f4nibus, enviou o grupo de apoio ao local assim que&nbsp;soube do ocorrido. A empresa afirma que \u201cd\u00e1 toda a assist\u00eancia necess\u00e1ria e trabalha junto com a pol\u00edcia para esclarecer esse crime e cobrar puni\u00e7\u00f5es\u201d.<\/p>\n\n\n\n<p><em><strong>Com informa\u00e7\u00f5es do UOL<\/strong><\/em><\/p>\n","protected":false},"excerpt":{"rendered":"<p>A briga teria come\u00e7ado por causa de um doce. Na tarde da \u00faltima quinta-feira, 24,&#8230;<\/p>\n","protected":false},"author":5,"featured_media":854,"comment_status":"open","ping_status":"open","sticky":false,"template":"","format":"standard","meta":{"footnotes":""},"categories":[49,34],"tags":[91,93,94],"class_list":["post-852","post","type-post","status-publish","format-standard","has-post-thumbnail","hentry","category-destaques","category-musica","tag-assassinato","tag-facada","tag-onibus"],"yoast_head":"<!-- This site is optimized with the Yoast SEO plugin v24.4 - https:\/\/yoast.com\/wordpress\/plugins\/seo\/ -->\n<title>Mulher tenta apartar briga dentro de \u00f4nibus e \u00e9 morta a facada por vendedor ambulante - Not\u00edcias de Todos - Models01<\/title>\n<meta name=\"robots\" content=\"index, follow, max-snippet:-1, max-image-preview:large, max-video-preview:-1\" \/>\n<link rel=\"canonical\" href=\"https:\/\/markd.com.br\/models\/mulher-tenta-apartar-briga-dentro-de-onibus-e-e-morta-a-facada-por-vendedor-ambulante\/\" \/>\n<meta property=\"og:locale\" content=\"pt_BR\" \/>\n<meta property=\"og:type\" content=\"article\" \/>\n<meta property=\"og:title\" content=\"Mulher tenta apartar briga dentro de \u00f4nibus e \u00e9 morta a facada por vendedor ambulante - Not\u00edcias de Todos - Models01\" \/>\n<meta property=\"og:description\" content=\"A briga teria come\u00e7ado por causa de um doce. Na tarde da \u00faltima quinta-feira, 24,...\" \/>\n<meta property=\"og:url\" content=\"https:\/\/markd.com.br\/models\/mulher-tenta-apartar-briga-dentro-de-onibus-e-e-morta-a-facada-por-vendedor-ambulante\/\" \/>\n<meta property=\"og:site_name\" content=\"Not\u00edcias de Todos - Models01\" \/>\n<meta property=\"article:published_time\" content=\"2022-03-25T23:41:48+00:00\" \/>\n<meta property=\"article:modified_time\" content=\"2022-03-25T23:41:51+00:00\" \/>\n<meta property=\"og:image\" content=\"https:\/\/markd.com.br\/models\/wp-content\/uploads\/2022\/03\/whatsapp-image-2022-03-25-at-082241-1-e1648251698969.jpeg\" \/>\n\t<meta property=\"og:image:width\" content=\"562\" \/>\n\t<meta property=\"og:image:height\" content=\"427\" \/>\n\t<meta property=\"og:image:type\" content=\"image\/jpeg\" \/>\n<meta name=\"author\" content=\"Reda\u00e7\u00e3o Reda\u00e7\u00e3o\" \/>\n<meta name=\"twitter:card\" content=\"summary_large_image\" \/>\n<meta name=\"twitter:label1\" content=\"Escrito por\" \/>\n\t<meta name=\"twitter:data1\" content=\"Reda\u00e7\u00e3o Reda\u00e7\u00e3o\" \/>\n\t<meta name=\"twitter:label2\" content=\"Est. tempo de leitura\" \/>\n\t<meta name=\"twitter:data2\" content=\"2 minutos\" \/>\n<script type=\"application\/ld+json\" class=\"yoast-schema-graph\">{\"@context\":\"https:\/\/schema.org\",\"@graph\":[{\"@type\":\"WebPage\",\"@id\":\"https:\/\/markd.com.br\/models\/mulher-tenta-apartar-briga-dentro-de-onibus-e-e-morta-a-facada-por-vendedor-ambulante\/\",\"url\":\"https:\/\/markd.com.br\/models\/mulher-tenta-apartar-briga-dentro-de-onibus-e-e-morta-a-facada-por-vendedor-ambulante\/\",\"name\":\"Mulher tenta apartar briga dentro de \u00f4nibus e \u00e9 morta a facada por vendedor ambulante - Not\u00edcias de Todos - Models01\",\"isPartOf\":{\"@id\":\"https:\/\/markd.com.br\/models\/#website\"},\"primaryImageOfPage\":{\"@id\":\"https:\/\/markd.com.br\/models\/mulher-tenta-apartar-briga-dentro-de-onibus-e-e-morta-a-facada-por-vendedor-ambulante\/#primaryimage\"},\"image\":{\"@id\":\"https:\/\/markd.com.br\/models\/mulher-tenta-apartar-briga-dentro-de-onibus-e-e-morta-a-facada-por-vendedor-ambulante\/#primaryimage\"},\"thumbnailUrl\":\"https:\/\/markd.com.br\/models\/wp-content\/uploads\/2022\/03\/whatsapp-image-2022-03-25-at-082241-1-e1648251698969.jpeg\",\"datePublished\":\"2022-03-25T23:41:48+00:00\",\"dateModified\":\"2022-03-25T23:41:51+00:00\",\"author\":{\"@id\":\"https:\/\/markd.com.br\/models\/#\/schema\/person\/c12a77ab487a7262d8bec3c47301ad37\"},\"breadcrumb\":{\"@id\":\"https:\/\/markd.com.br\/models\/mulher-tenta-apartar-briga-dentro-de-onibus-e-e-morta-a-facada-por-vendedor-ambulante\/#breadcrumb\"},\"inLanguage\":\"pt-BR\",\"potentialAction\":[{\"@type\":\"ReadAction\",\"target\":[\"https:\/\/markd.com.br\/models\/mulher-tenta-apartar-briga-dentro-de-onibus-e-e-morta-a-facada-por-vendedor-ambulante\/\"]}]},{\"@type\":\"ImageObject\",\"inLanguage\":\"pt-BR\",\"@id\":\"https:\/\/markd.com.br\/models\/mulher-tenta-apartar-briga-dentro-de-onibus-e-e-morta-a-facada-por-vendedor-ambulante\/#primaryimage\",\"url\":\"https:\/\/markd.com.br\/models\/wp-content\/uploads\/2022\/03\/whatsapp-image-2022-03-25-at-082241-1-e1648251698969.jpeg\",\"contentUrl\":\"https:\/\/markd.com.br\/models\/wp-content\/uploads\/2022\/03\/whatsapp-image-2022-03-25-at-082241-1-e1648251698969.jpeg\",\"width\":562,\"height\":427},{\"@type\":\"BreadcrumbList\",\"@id\":\"https:\/\/markd.com.br\/models\/mulher-tenta-apartar-briga-dentro-de-onibus-e-e-morta-a-facada-por-vendedor-ambulante\/#breadcrumb\",\"itemListElement\":[{\"@type\":\"ListItem\",\"position\":1,\"name\":\"In\u00edcio\",\"item\":\"https:\/\/markd.com.br\/models\/\"},{\"@type\":\"ListItem\",\"position\":2,\"name\":\"Mulher tenta apartar briga dentro de \u00f4nibus e \u00e9 morta a facada por vendedor ambulante\"}]},{\"@type\":\"WebSite\",\"@id\":\"https:\/\/markd.com.br\/models\/#website\",\"url\":\"https:\/\/markd.com.br\/models\/\",\"name\":\"Not\u00edcias de Todos - Models01\",\"description\":\"Tenha um Portal de Not\u00edcias Moderno, Din\u00e2mico, R\u00e1pido e Profissional. Entregamos seu Site de  Not\u00edcias Pronto, Instalado, Hospedado, com Manual Passo a Passo e Suporte 24 horas.\",\"potentialAction\":[{\"@type\":\"SearchAction\",\"target\":{\"@type\":\"EntryPoint\",\"urlTemplate\":\"https:\/\/markd.com.br\/models\/?s={search_term_string}\"},\"query-input\":{\"@type\":\"PropertyValueSpecification\",\"valueRequired\":true,\"valueName\":\"search_term_string\"}}],\"inLanguage\":\"pt-BR\"},{\"@type\":\"Person\",\"@id\":\"https:\/\/markd.com.br\/models\/#\/schema\/person\/c12a77ab487a7262d8bec3c47301ad37\",\"name\":\"Reda\u00e7\u00e3o Reda\u00e7\u00e3o\",\"image\":{\"@type\":\"ImageObject\",\"inLanguage\":\"pt-BR\",\"@id\":\"https:\/\/markd.com.br\/models\/#\/schema\/person\/image\/\",\"url\":\"https:\/\/secure.gravatar.com\/avatar\/9448f3599ce269febf169e183039b4a6?s=96&d=mm&r=g\",\"contentUrl\":\"https:\/\/secure.gravatar.com\/avatar\/9448f3599ce269febf169e183039b4a6?s=96&d=mm&r=g\",\"caption\":\"Reda\u00e7\u00e3o Reda\u00e7\u00e3o\"},\"sameAs\":[\"https:\/\/markd.com.br\/\"],\"url\":\"https:\/\/markd.com.br\/models\/author\/redacao\/\"}]}<\/script>\n<!-- \/ Yoast SEO plugin. -->","yoast_head_json":{"title":"Mulher tenta apartar briga dentro de \u00f4nibus e \u00e9 morta a facada por vendedor ambulante - Not\u00edcias de Todos - Models01","robots":{"index":"index","follow":"follow","max-snippet":"max-snippet:-1","max-image-preview":"max-image-preview:large","max-video-preview":"max-video-preview:-1"},"canonical":"https:\/\/markd.com.br\/models\/mulher-tenta-apartar-briga-dentro-de-onibus-e-e-morta-a-facada-por-vendedor-ambulante\/","og_locale":"pt_BR","og_type":"article","og_title":"Mulher tenta apartar briga dentro de \u00f4nibus e \u00e9 morta a facada por vendedor ambulante - Not\u00edcias de Todos - Models01","og_description":"A briga teria come\u00e7ado por causa de um doce. Na tarde da \u00faltima quinta-feira, 24,...","og_url":"https:\/\/markd.com.br\/models\/mulher-tenta-apartar-briga-dentro-de-onibus-e-e-morta-a-facada-por-vendedor-ambulante\/","og_site_name":"Not\u00edcias de Todos - Models01","article_published_time":"2022-03-25T23:41:48+00:00","article_modified_time":"2022-03-25T23:41:51+00:00","og_image":[{"width":562,"height":427,"url":"https:\/\/markd.com.br\/models\/wp-content\/uploads\/2022\/03\/whatsapp-image-2022-03-25-at-082241-1-e1648251698969.jpeg","type":"image\/jpeg"}],"author":"Reda\u00e7\u00e3o Reda\u00e7\u00e3o","twitter_card":"summary_large_image","twitter_misc":{"Escrito por":"Reda\u00e7\u00e3o Reda\u00e7\u00e3o","Est. tempo de leitura":"2 minutos"},"schema":{"@context":"https:\/\/schema.org","@graph":[{"@type":"WebPage","@id":"https:\/\/markd.com.br\/models\/mulher-tenta-apartar-briga-dentro-de-onibus-e-e-morta-a-facada-por-vendedor-ambulante\/","url":"https:\/\/markd.com.br\/models\/mulher-tenta-apartar-briga-dentro-de-onibus-e-e-morta-a-facada-por-vendedor-ambulante\/","name":"Mulher tenta apartar briga dentro de \u00f4nibus e \u00e9 morta a facada por vendedor ambulante - Not\u00edcias de Todos - Models01","isPartOf":{"@id":"https:\/\/markd.com.br\/models\/#website"},"primaryImageOfPage":{"@id":"https:\/\/markd.com.br\/models\/mulher-tenta-apartar-briga-dentro-de-onibus-e-e-morta-a-facada-por-vendedor-ambulante\/#primaryimage"},"image":{"@id":"https:\/\/markd.com.br\/models\/mulher-tenta-apartar-briga-dentro-de-onibus-e-e-morta-a-facada-por-vendedor-ambulante\/#primaryimage"},"thumbnailUrl":"https:\/\/markd.com.br\/models\/wp-content\/uploads\/2022\/03\/whatsapp-image-2022-03-25-at-082241-1-e1648251698969.jpeg","datePublished":"2022-03-25T23:41:48+00:00","dateModified":"2022-03-25T23:41:51+00:00","author":{"@id":"https:\/\/markd.com.br\/models\/#\/schema\/person\/c12a77ab487a7262d8bec3c47301ad37"},"breadcrumb":{"@id":"https:\/\/markd.com.br\/models\/mulher-tenta-apartar-briga-dentro-de-onibus-e-e-morta-a-facada-por-vendedor-ambulante\/#breadcrumb"},"inLanguage":"pt-BR","potentialAction":[{"@type":"ReadAction","target":["https:\/\/markd.com.br\/models\/mulher-tenta-apartar-briga-dentro-de-onibus-e-e-morta-a-facada-por-vendedor-ambulante\/"]}]},{"@type":"ImageObject","inLanguage":"pt-BR","@id":"https:\/\/markd.com.br\/models\/mulher-tenta-apartar-briga-dentro-de-onibus-e-e-morta-a-facada-por-vendedor-ambulante\/#primaryimage","url":"https:\/\/markd.com.br\/models\/wp-content\/uploads\/2022\/03\/whatsapp-image-2022-03-25-at-082241-1-e1648251698969.jpeg","contentUrl":"https:\/\/markd.com.br\/models\/wp-content\/uploads\/2022\/03\/whatsapp-image-2022-03-25-at-082241-1-e1648251698969.jpeg","width":562,"height":427},{"@type":"BreadcrumbList","@id":"https:\/\/markd.com.br\/models\/mulher-tenta-apartar-briga-dentro-de-onibus-e-e-morta-a-facada-por-vendedor-ambulante\/#breadcrumb","itemListElement":[{"@type":"ListItem","position":1,"name":"In\u00edcio","item":"https:\/\/markd.com.br\/models\/"},{"@type":"ListItem","position":2,"name":"Mulher tenta apartar briga dentro de \u00f4nibus e \u00e9 morta a facada por vendedor ambulante"}]},{"@type":"WebSite","@id":"https:\/\/markd.com.br\/models\/#website","url":"https:\/\/markd.com.br\/models\/","name":"Not\u00edcias de Todos - Models01","description":"Tenha um Portal de Not\u00edcias Moderno, Din\u00e2mico, R\u00e1pido e Profissional. Entregamos seu Site de  Not\u00edcias Pronto, Instalado, Hospedado, com Manual Passo a Passo e Suporte 24 horas.","potentialAction":[{"@type":"SearchAction","target":{"@type":"EntryPoint","urlTemplate":"https:\/\/markd.com.br\/models\/?s={search_term_string}"},"query-input":{"@type":"PropertyValueSpecification","valueRequired":true,"valueName":"search_term_string"}}],"inLanguage":"pt-BR"},{"@type":"Person","@id":"https:\/\/markd.com.br\/models\/#\/schema\/person\/c12a77ab487a7262d8bec3c47301ad37","name":"Reda\u00e7\u00e3o Reda\u00e7\u00e3o","image":{"@type":"ImageObject","inLanguage":"pt-BR","@id":"https:\/\/markd.com.br\/models\/#\/schema\/person\/image\/","url":"https:\/\/secure.gravatar.com\/avatar\/9448f3599ce269febf169e183039b4a6?s=96&d=mm&r=g","contentUrl":"https:\/\/secure.gravatar.com\/avatar\/9448f3599ce269febf169e183039b4a6?s=96&d=mm&r=g","caption":"Reda\u00e7\u00e3o Reda\u00e7\u00e3o"},"sameAs":["https:\/\/markd.com.br\/"],"url":"https:\/\/markd.com.br\/models\/author\/redacao\/"}]}},"featured_image_urls":{"full":["https:\/\/markd.com.br\/models\/wp-content\/uploads\/2022\/03\/whatsapp-image-2022-03-25-at-082241-1-e1648251698969.jpeg",562,427,false],"thumbnail":["https:\/\/markd.com.br\/models\/wp-content\/uploads\/2022\/03\/whatsapp-image-2022-03-25-at-082241-1-e1648251698969-150x150.jpeg",150,150,true],"medium":["https:\/\/markd.com.br\/models\/wp-content\/uploads\/2022\/03\/whatsapp-image-2022-03-25-at-082241-1-e1648251698969-300x228.jpeg",300,228,true],"medium_large":["https:\/\/markd.com.br\/models\/wp-content\/uploads\/2022\/03\/whatsapp-image-2022-03-25-at-082241-1-e1648251698969.jpeg",562,427,false],"large":["https:\/\/markd.com.br\/models\/wp-content\/uploads\/2022\/03\/whatsapp-image-2022-03-25-at-082241-1-e1648251698969.jpeg",562,427,false],"1536x1536":["https:\/\/markd.com.br\/models\/wp-content\/uploads\/2022\/03\/whatsapp-image-2022-03-25-at-082241-1-e1648251698969.jpeg",562,427,false],"2048x2048":["https:\/\/markd.com.br\/models\/wp-content\/uploads\/2022\/03\/whatsapp-image-2022-03-25-at-082241-1-e1648251698969.jpeg",562,427,false],"newsphere-slider-full":["https:\/\/markd.com.br\/models\/wp-content\/uploads\/2022\/03\/whatsapp-image-2022-03-25-at-082241-1-e1648251698969.jpeg",562,427,false],"newsphere-featured":["https:\/\/markd.com.br\/models\/wp-content\/uploads\/2022\/03\/whatsapp-image-2022-03-25-at-082241-1-e1648251698969.jpeg",562,427,false],"newsphere-medium":["https:\/\/markd.com.br\/models\/wp-content\/uploads\/2022\/03\/whatsapp-image-2022-03-25-at-082241-1-e1648251698969-562x380.jpeg",562,380,true]},"author_info":{"display_name":"Reda\u00e7\u00e3o Reda\u00e7\u00e3o","author_link":"https:\/\/markd.com.br\/models\/author\/redacao\/"},"category_info":"<a href=\"https:\/\/markd.com.br\/models\/category\/destaques\/\" rel=\"category tag\">destaques<\/a> <a href=\"https:\/\/markd.com.br\/models\/category\/musica\/\" rel=\"category tag\">Pol\u00edcia<\/a>","tag_info":"Pol\u00edcia","comment_count":"0","jetpack_featured_media_url":"https:\/\/markd.com.br\/models\/wp-content\/uploads\/2022\/03\/whatsapp-image-2022-03-25-at-082241-1-e1648251698969.jpeg","_links":{"self":[{"href":"https:\/\/markd.com.br\/models\/wp-json\/wp\/v2\/posts\/852","targetHints":{"allow":["GET"]}}],"collection":[{"href":"https:\/\/markd.com.br\/models\/wp-json\/wp\/v2\/posts"}],"about":[{"href":"https:\/\/markd.com.br\/models\/wp-json\/wp\/v2\/types\/post"}],"author":[{"embeddable":true,"href":"https:\/\/markd.com.br\/models\/wp-json\/wp\/v2\/users\/5"}],"replies":[{"embeddable":true,"href":"https:\/\/markd.com.br\/models\/wp-json\/wp\/v2\/comments?post=852"}],"version-history":[{"count":1,"href":"https:\/\/markd.com.br\/models\/wp-json\/wp\/v2\/posts\/852\/revisions"}],"predecessor-version":[{"id":855,"href":"https:\/\/markd.com.br\/models\/wp-json\/wp\/v2\/posts\/852\/revisions\/855"}],"wp:featuredmedia":[{"embeddable":true,"href":"https:\/\/markd.com.br\/models\/wp-json\/wp\/v2\/media\/854"}],"wp:attachment":[{"href":"https:\/\/markd.com.br\/models\/wp-json\/wp\/v2\/media?parent=852"}],"wp:term":[{"taxonomy":"category","embeddable":true,"href":"https:\/\/markd.com.br\/models\/wp-json\/wp\/v2\/categories?post=852"},{"taxonomy":"post_tag","embeddable":true,"href":"https:\/\/markd.com.br\/models\/wp-json\/wp\/v2\/tags?post=852"}],"curies":[{"name":"wp","href":"https:\/\/api.w.org\/{rel}","templated":true}]}}