{"id":877,"date":"2022-03-25T21:16:27","date_gmt":"2022-03-26T00:16:27","guid":{"rendered":"https:\/\/portaldestaquenoticias.com.br\/?p=877"},"modified":"2022-03-25T21:16:31","modified_gmt":"2022-03-26T00:16:31","slug":"galvao-bueno-vai-deixar-narracoes-na-tv-globo-apos-a-copa-do-mundo","status":"publish","type":"post","link":"https:\/\/markd.com.br\/models\/galvao-bueno-vai-deixar-narracoes-na-tv-globo-apos-a-copa-do-mundo\/","title":{"rendered":"Galv\u00e3o Bueno vai deixar narra\u00e7\u00f5es na TV Globo ap\u00f3s a Copa do Mundo"},"content":{"rendered":"\n<p><\/p>\n\n\n\n<p>O apresentador Galv\u00e3o Bueno anunciou nesta quinta-feira, 24, que vai deixar as narra\u00e7\u00f5es da TV Globo ap\u00f3s a copa do mundo, que vai ocorrer em novembro deste ano. O motivo \u00e9 de que o seu contrato com a emissora carioca termina no fim de 2022 e n\u00e3o ser\u00e1 renovado.<\/p>\n\n\n\n<p>No Twitter, Galv\u00e3o anunciou a sa\u00edda. \u201cJogo de despedidas. \u00daltimo jogo da Sele\u00e7\u00e3o no Brasil antes da Copa! \u00daltimo jogo de Tite no Brasil como t\u00e9cnico da Sele\u00e7\u00e3o! Meu \u00faltimo jogo da Sele\u00e7\u00e3o no Maracan\u00e3 em televis\u00e3o!\u201d, escreveu o principal narrador da televis\u00e3o brasileira.<\/p>\n\n\n\n<p>Em entrevista ao jornal O Globo, publicada nesta quinta-feira, 24, ele confirmou o fim do contrato, mas ressaltou que deixar\u00e1 as portas abertas.<\/p>\n\n\n\n<p>\u201cGlobo \u00e9 minha casa. Ent\u00e3o, a nossa conversa nesse momento \u00e9: o que ir\u00e1 acontecer, como deixaremos as portas abertas e que porta ser\u00e1 utilizada depois de 18 de dezembro. \u00c9 imposs\u00edvel voc\u00ea dizer no mundo \u2018n\u00e3o, nunca mais\u2019. A vida me ensinou isso. Mas neste momento eu diria, narra\u00e7\u00e3o em TV aberta, n\u00e3o mais\u201d, disse. \u201cEstamos negociando outras coisas. Outros caminhos. E, muito provavelmente, muita coisa nesse mundo digital e outras plataformas dentro do Grupo Globo. A Globo \u00e9 minha casa\u201d, refor\u00e7ou.<\/p>\n\n\n\n<p>\u201cEu diria que hoje tenho uma consci\u00eancia de que seria minha \u00faltima Copa do Mundo narrando em TV. Tudo tem seu tempo. Mas, ao mesmo tempo, que termina o contrato para essa minha sequ\u00eancia de 41 anos na Globo, com trabalho do dia a dia, programa, narra\u00e7\u00e3o de jogos, com essas coisas, a tend\u00eancia nessa conversa \u00e9 que isso pare depois da Copa do Mundo\u201d, finalizou Galv\u00e3o.<\/p>\n\n\n\n<p><em><strong>Com informa\u00e7\u00f5es do Correio Braziliense<\/strong><\/em><\/p>\n","protected":false},"excerpt":{"rendered":"<p>O apresentador Galv\u00e3o Bueno anunciou nesta quinta-feira, 24, que vai deixar as narra\u00e7\u00f5es da TV&#8230;<\/p>\n","protected":false},"author":5,"featured_media":878,"comment_status":"open","ping_status":"open","sticky":false,"template":"","format":"standard","meta":{"footnotes":""},"categories":[1],"tags":[],"class_list":["post-877","post","type-post","status-publish","format-standard","has-post-thumbnail","hentry","category-sem-categoria"],"yoast_head":"<!-- This site is optimized with the Yoast SEO plugin v24.4 - https:\/\/yoast.com\/wordpress\/plugins\/seo\/ -->\n<title>Galv\u00e3o Bueno vai deixar narra\u00e7\u00f5es na TV Globo ap\u00f3s a Copa do Mundo - Not\u00edcias de Todos - Models01<\/title>\n<meta name=\"robots\" content=\"index, follow, max-snippet:-1, max-image-preview:large, max-video-preview:-1\" \/>\n<link rel=\"canonical\" href=\"https:\/\/markd.com.br\/models\/galvao-bueno-vai-deixar-narracoes-na-tv-globo-apos-a-copa-do-mundo\/\" \/>\n<meta property=\"og:locale\" content=\"pt_BR\" \/>\n<meta property=\"og:type\" content=\"article\" \/>\n<meta property=\"og:title\" content=\"Galv\u00e3o Bueno vai deixar narra\u00e7\u00f5es na TV Globo ap\u00f3s a Copa do Mundo - Not\u00edcias de Todos - Models01\" \/>\n<meta property=\"og:description\" content=\"O apresentador Galv\u00e3o Bueno anunciou nesta quinta-feira, 24, que vai deixar as narra\u00e7\u00f5es da TV...\" \/>\n<meta property=\"og:url\" content=\"https:\/\/markd.com.br\/models\/galvao-bueno-vai-deixar-narracoes-na-tv-globo-apos-a-copa-do-mundo\/\" \/>\n<meta property=\"og:site_name\" content=\"Not\u00edcias de Todos - Models01\" \/>\n<meta property=\"article:published_time\" content=\"2022-03-26T00:16:27+00:00\" \/>\n<meta property=\"article:modified_time\" content=\"2022-03-26T00:16:31+00:00\" \/>\n<meta property=\"og:image\" content=\"https:\/\/markd.com.br\/models\/wp-content\/uploads\/2022\/03\/aujgsujabsuj.jpg\" \/>\n\t<meta property=\"og:image:width\" content=\"650\" \/>\n\t<meta property=\"og:image:height\" content=\"433\" \/>\n\t<meta property=\"og:image:type\" content=\"image\/jpeg\" \/>\n<meta name=\"author\" content=\"Reda\u00e7\u00e3o Reda\u00e7\u00e3o\" \/>\n<meta name=\"twitter:card\" content=\"summary_large_image\" \/>\n<meta name=\"twitter:label1\" content=\"Escrito por\" \/>\n\t<meta name=\"twitter:data1\" content=\"Reda\u00e7\u00e3o Reda\u00e7\u00e3o\" \/>\n\t<meta name=\"twitter:label2\" content=\"Est. tempo de leitura\" \/>\n\t<meta name=\"twitter:data2\" content=\"2 minutos\" \/>\n<script type=\"application\/ld+json\" class=\"yoast-schema-graph\">{\"@context\":\"https:\/\/schema.org\",\"@graph\":[{\"@type\":\"WebPage\",\"@id\":\"https:\/\/markd.com.br\/models\/galvao-bueno-vai-deixar-narracoes-na-tv-globo-apos-a-copa-do-mundo\/\",\"url\":\"https:\/\/markd.com.br\/models\/galvao-bueno-vai-deixar-narracoes-na-tv-globo-apos-a-copa-do-mundo\/\",\"name\":\"Galv\u00e3o Bueno vai deixar narra\u00e7\u00f5es na TV Globo ap\u00f3s a Copa do Mundo - Not\u00edcias de Todos - Models01\",\"isPartOf\":{\"@id\":\"https:\/\/markd.com.br\/models\/#website\"},\"primaryImageOfPage\":{\"@id\":\"https:\/\/markd.com.br\/models\/galvao-bueno-vai-deixar-narracoes-na-tv-globo-apos-a-copa-do-mundo\/#primaryimage\"},\"image\":{\"@id\":\"https:\/\/markd.com.br\/models\/galvao-bueno-vai-deixar-narracoes-na-tv-globo-apos-a-copa-do-mundo\/#primaryimage\"},\"thumbnailUrl\":\"https:\/\/markd.com.br\/models\/wp-content\/uploads\/2022\/03\/aujgsujabsuj.jpg\",\"datePublished\":\"2022-03-26T00:16:27+00:00\",\"dateModified\":\"2022-03-26T00:16:31+00:00\",\"author\":{\"@id\":\"https:\/\/markd.com.br\/models\/#\/schema\/person\/c12a77ab487a7262d8bec3c47301ad37\"},\"breadcrumb\":{\"@id\":\"https:\/\/markd.com.br\/models\/galvao-bueno-vai-deixar-narracoes-na-tv-globo-apos-a-copa-do-mundo\/#breadcrumb\"},\"inLanguage\":\"pt-BR\",\"potentialAction\":[{\"@type\":\"ReadAction\",\"target\":[\"https:\/\/markd.com.br\/models\/galvao-bueno-vai-deixar-narracoes-na-tv-globo-apos-a-copa-do-mundo\/\"]}]},{\"@type\":\"ImageObject\",\"inLanguage\":\"pt-BR\",\"@id\":\"https:\/\/markd.com.br\/models\/galvao-bueno-vai-deixar-narracoes-na-tv-globo-apos-a-copa-do-mundo\/#primaryimage\",\"url\":\"https:\/\/markd.com.br\/models\/wp-content\/uploads\/2022\/03\/aujgsujabsuj.jpg\",\"contentUrl\":\"https:\/\/markd.com.br\/models\/wp-content\/uploads\/2022\/03\/aujgsujabsuj.jpg\",\"width\":650,\"height\":433},{\"@type\":\"BreadcrumbList\",\"@id\":\"https:\/\/markd.com.br\/models\/galvao-bueno-vai-deixar-narracoes-na-tv-globo-apos-a-copa-do-mundo\/#breadcrumb\",\"itemListElement\":[{\"@type\":\"ListItem\",\"position\":1,\"name\":\"In\u00edcio\",\"item\":\"https:\/\/markd.com.br\/models\/\"},{\"@type\":\"ListItem\",\"position\":2,\"name\":\"Galv\u00e3o Bueno vai deixar narra\u00e7\u00f5es na TV Globo ap\u00f3s a Copa do Mundo\"}]},{\"@type\":\"WebSite\",\"@id\":\"https:\/\/markd.com.br\/models\/#website\",\"url\":\"https:\/\/markd.com.br\/models\/\",\"name\":\"Not\u00edcias de Todos - Models01\",\"description\":\"Tenha um Portal de Not\u00edcias Moderno, Din\u00e2mico, R\u00e1pido e Profissional. Entregamos seu Site de  Not\u00edcias Pronto, Instalado, Hospedado, com Manual Passo a Passo e Suporte 24 horas.\",\"potentialAction\":[{\"@type\":\"SearchAction\",\"target\":{\"@type\":\"EntryPoint\",\"urlTemplate\":\"https:\/\/markd.com.br\/models\/?s={search_term_string}\"},\"query-input\":{\"@type\":\"PropertyValueSpecification\",\"valueRequired\":true,\"valueName\":\"search_term_string\"}}],\"inLanguage\":\"pt-BR\"},{\"@type\":\"Person\",\"@id\":\"https:\/\/markd.com.br\/models\/#\/schema\/person\/c12a77ab487a7262d8bec3c47301ad37\",\"name\":\"Reda\u00e7\u00e3o Reda\u00e7\u00e3o\",\"image\":{\"@type\":\"ImageObject\",\"inLanguage\":\"pt-BR\",\"@id\":\"https:\/\/markd.com.br\/models\/#\/schema\/person\/image\/\",\"url\":\"https:\/\/secure.gravatar.com\/avatar\/9448f3599ce269febf169e183039b4a6?s=96&d=mm&r=g\",\"contentUrl\":\"https:\/\/secure.gravatar.com\/avatar\/9448f3599ce269febf169e183039b4a6?s=96&d=mm&r=g\",\"caption\":\"Reda\u00e7\u00e3o Reda\u00e7\u00e3o\"},\"sameAs\":[\"https:\/\/markd.com.br\/\"],\"url\":\"https:\/\/markd.com.br\/models\/author\/redacao\/\"}]}<\/script>\n<!-- \/ Yoast SEO plugin. -->","yoast_head_json":{"title":"Galv\u00e3o Bueno vai deixar narra\u00e7\u00f5es na TV Globo ap\u00f3s a Copa do Mundo - Not\u00edcias de Todos - Models01","robots":{"index":"index","follow":"follow","max-snippet":"max-snippet:-1","max-image-preview":"max-image-preview:large","max-video-preview":"max-video-preview:-1"},"canonical":"https:\/\/markd.com.br\/models\/galvao-bueno-vai-deixar-narracoes-na-tv-globo-apos-a-copa-do-mundo\/","og_locale":"pt_BR","og_type":"article","og_title":"Galv\u00e3o Bueno vai deixar narra\u00e7\u00f5es na TV Globo ap\u00f3s a Copa do Mundo - Not\u00edcias de Todos - Models01","og_description":"O apresentador Galv\u00e3o Bueno anunciou nesta quinta-feira, 24, que vai deixar as narra\u00e7\u00f5es da TV...","og_url":"https:\/\/markd.com.br\/models\/galvao-bueno-vai-deixar-narracoes-na-tv-globo-apos-a-copa-do-mundo\/","og_site_name":"Not\u00edcias de Todos - Models01","article_published_time":"2022-03-26T00:16:27+00:00","article_modified_time":"2022-03-26T00:16:31+00:00","og_image":[{"width":650,"height":433,"url":"https:\/\/markd.com.br\/models\/wp-content\/uploads\/2022\/03\/aujgsujabsuj.jpg","type":"image\/jpeg"}],"author":"Reda\u00e7\u00e3o Reda\u00e7\u00e3o","twitter_card":"summary_large_image","twitter_misc":{"Escrito por":"Reda\u00e7\u00e3o Reda\u00e7\u00e3o","Est. tempo de leitura":"2 minutos"},"schema":{"@context":"https:\/\/schema.org","@graph":[{"@type":"WebPage","@id":"https:\/\/markd.com.br\/models\/galvao-bueno-vai-deixar-narracoes-na-tv-globo-apos-a-copa-do-mundo\/","url":"https:\/\/markd.com.br\/models\/galvao-bueno-vai-deixar-narracoes-na-tv-globo-apos-a-copa-do-mundo\/","name":"Galv\u00e3o Bueno vai deixar narra\u00e7\u00f5es na TV Globo ap\u00f3s a Copa do Mundo - Not\u00edcias de Todos - Models01","isPartOf":{"@id":"https:\/\/markd.com.br\/models\/#website"},"primaryImageOfPage":{"@id":"https:\/\/markd.com.br\/models\/galvao-bueno-vai-deixar-narracoes-na-tv-globo-apos-a-copa-do-mundo\/#primaryimage"},"image":{"@id":"https:\/\/markd.com.br\/models\/galvao-bueno-vai-deixar-narracoes-na-tv-globo-apos-a-copa-do-mundo\/#primaryimage"},"thumbnailUrl":"https:\/\/markd.com.br\/models\/wp-content\/uploads\/2022\/03\/aujgsujabsuj.jpg","datePublished":"2022-03-26T00:16:27+00:00","dateModified":"2022-03-26T00:16:31+00:00","author":{"@id":"https:\/\/markd.com.br\/models\/#\/schema\/person\/c12a77ab487a7262d8bec3c47301ad37"},"breadcrumb":{"@id":"https:\/\/markd.com.br\/models\/galvao-bueno-vai-deixar-narracoes-na-tv-globo-apos-a-copa-do-mundo\/#breadcrumb"},"inLanguage":"pt-BR","potentialAction":[{"@type":"ReadAction","target":["https:\/\/markd.com.br\/models\/galvao-bueno-vai-deixar-narracoes-na-tv-globo-apos-a-copa-do-mundo\/"]}]},{"@type":"ImageObject","inLanguage":"pt-BR","@id":"https:\/\/markd.com.br\/models\/galvao-bueno-vai-deixar-narracoes-na-tv-globo-apos-a-copa-do-mundo\/#primaryimage","url":"https:\/\/markd.com.br\/models\/wp-content\/uploads\/2022\/03\/aujgsujabsuj.jpg","contentUrl":"https:\/\/markd.com.br\/models\/wp-content\/uploads\/2022\/03\/aujgsujabsuj.jpg","width":650,"height":433},{"@type":"BreadcrumbList","@id":"https:\/\/markd.com.br\/models\/galvao-bueno-vai-deixar-narracoes-na-tv-globo-apos-a-copa-do-mundo\/#breadcrumb","itemListElement":[{"@type":"ListItem","position":1,"name":"In\u00edcio","item":"https:\/\/markd.com.br\/models\/"},{"@type":"ListItem","position":2,"name":"Galv\u00e3o Bueno vai deixar narra\u00e7\u00f5es na TV Globo ap\u00f3s a Copa do Mundo"}]},{"@type":"WebSite","@id":"https:\/\/markd.com.br\/models\/#website","url":"https:\/\/markd.com.br\/models\/","name":"Not\u00edcias de Todos - Models01","description":"Tenha um Portal de Not\u00edcias Moderno, Din\u00e2mico, R\u00e1pido e Profissional. Entregamos seu Site de  Not\u00edcias Pronto, Instalado, Hospedado, com Manual Passo a Passo e Suporte 24 horas.","potentialAction":[{"@type":"SearchAction","target":{"@type":"EntryPoint","urlTemplate":"https:\/\/markd.com.br\/models\/?s={search_term_string}"},"query-input":{"@type":"PropertyValueSpecification","valueRequired":true,"valueName":"search_term_string"}}],"inLanguage":"pt-BR"},{"@type":"Person","@id":"https:\/\/markd.com.br\/models\/#\/schema\/person\/c12a77ab487a7262d8bec3c47301ad37","name":"Reda\u00e7\u00e3o Reda\u00e7\u00e3o","image":{"@type":"ImageObject","inLanguage":"pt-BR","@id":"https:\/\/markd.com.br\/models\/#\/schema\/person\/image\/","url":"https:\/\/secure.gravatar.com\/avatar\/9448f3599ce269febf169e183039b4a6?s=96&d=mm&r=g","contentUrl":"https:\/\/secure.gravatar.com\/avatar\/9448f3599ce269febf169e183039b4a6?s=96&d=mm&r=g","caption":"Reda\u00e7\u00e3o Reda\u00e7\u00e3o"},"sameAs":["https:\/\/markd.com.br\/"],"url":"https:\/\/markd.com.br\/models\/author\/redacao\/"}]}},"featured_image_urls":{"full":["https:\/\/markd.com.br\/models\/wp-content\/uploads\/2022\/03\/aujgsujabsuj.jpg",650,433,false],"thumbnail":["https:\/\/markd.com.br\/models\/wp-content\/uploads\/2022\/03\/aujgsujabsuj-150x150.jpg",150,150,true],"medium":["https:\/\/markd.com.br\/models\/wp-content\/uploads\/2022\/03\/aujgsujabsuj-300x200.jpg",300,200,true],"medium_large":["https:\/\/markd.com.br\/models\/wp-content\/uploads\/2022\/03\/aujgsujabsuj.jpg",640,426,false],"large":["https:\/\/markd.com.br\/models\/wp-content\/uploads\/2022\/03\/aujgsujabsuj.jpg",640,426,false],"1536x1536":["https:\/\/markd.com.br\/models\/wp-content\/uploads\/2022\/03\/aujgsujabsuj.jpg",650,433,false],"2048x2048":["https:\/\/markd.com.br\/models\/wp-content\/uploads\/2022\/03\/aujgsujabsuj.jpg",650,433,false],"newsphere-slider-full":["https:\/\/markd.com.br\/models\/wp-content\/uploads\/2022\/03\/aujgsujabsuj.jpg",650,433,false],"newsphere-featured":["https:\/\/markd.com.br\/models\/wp-content\/uploads\/2022\/03\/aujgsujabsuj.jpg",650,433,false],"newsphere-medium":["https:\/\/markd.com.br\/models\/wp-content\/uploads\/2022\/03\/aujgsujabsuj-650x380.jpg",650,380,true]},"author_info":{"display_name":"Reda\u00e7\u00e3o Reda\u00e7\u00e3o","author_link":"https:\/\/markd.com.br\/models\/author\/redacao\/"},"category_info":"<a href=\"https:\/\/markd.com.br\/models\/category\/sem-categoria\/\" rel=\"category tag\">Sem categoria<\/a>","tag_info":"Sem categoria","comment_count":"0","jetpack_featured_media_url":"https:\/\/markd.com.br\/models\/wp-content\/uploads\/2022\/03\/aujgsujabsuj.jpg","_links":{"self":[{"href":"https:\/\/markd.com.br\/models\/wp-json\/wp\/v2\/posts\/877","targetHints":{"allow":["GET"]}}],"collection":[{"href":"https:\/\/markd.com.br\/models\/wp-json\/wp\/v2\/posts"}],"about":[{"href":"https:\/\/markd.com.br\/models\/wp-json\/wp\/v2\/types\/post"}],"author":[{"embeddable":true,"href":"https:\/\/markd.com.br\/models\/wp-json\/wp\/v2\/users\/5"}],"replies":[{"embeddable":true,"href":"https:\/\/markd.com.br\/models\/wp-json\/wp\/v2\/comments?post=877"}],"version-history":[{"count":1,"href":"https:\/\/markd.com.br\/models\/wp-json\/wp\/v2\/posts\/877\/revisions"}],"predecessor-version":[{"id":879,"href":"https:\/\/markd.com.br\/models\/wp-json\/wp\/v2\/posts\/877\/revisions\/879"}],"wp:featuredmedia":[{"embeddable":true,"href":"https:\/\/markd.com.br\/models\/wp-json\/wp\/v2\/media\/878"}],"wp:attachment":[{"href":"https:\/\/markd.com.br\/models\/wp-json\/wp\/v2\/media?parent=877"}],"wp:term":[{"taxonomy":"category","embeddable":true,"href":"https:\/\/markd.com.br\/models\/wp-json\/wp\/v2\/categories?post=877"},{"taxonomy":"post_tag","embeddable":true,"href":"https:\/\/markd.com.br\/models\/wp-json\/wp\/v2\/tags?post=877"}],"curies":[{"name":"wp","href":"https:\/\/api.w.org\/{rel}","templated":true}]}}