{"id":925,"date":"2022-03-28T15:45:58","date_gmt":"2022-03-28T18:45:58","guid":{"rendered":"https:\/\/portaldestaquenoticias.com.br\/?p=925"},"modified":"2022-03-28T15:46:06","modified_gmt":"2022-03-28T18:46:06","slug":"wilson-lima-anuncia-pavimentacao-dos-ramais-do-pau-rosa-e-da-cooperativa-que-vai-beneficiar-1-mil-familias","status":"publish","type":"post","link":"https:\/\/markd.com.br\/models\/wilson-lima-anuncia-pavimentacao-dos-ramais-do-pau-rosa-e-da-cooperativa-que-vai-beneficiar-1-mil-familias\/","title":{"rendered":"Wilson Lima anuncia pavimenta\u00e7\u00e3o dos ramais do Pau Rosa e da Cooperativa, que vai beneficiar 1 mil fam\u00edlias"},"content":{"rendered":"\n<p><\/p>\n\n\n\n<p>Investimento de R$ 98,2 milh\u00f5es nos ramais foi anunciado durante evento do Manuas+Agro, realizado em parceria com Prefeitura<\/p>\n\n\n\n<p>O governador Wilson Lima anunciou, nesta segunda-feira (28\/03), a pavimenta\u00e7\u00e3o dos ramais da Cooperativa e do Pau Rosa, localizados na BR-174, com investimentos de R$ 98,2 milh\u00f5es. A recupera\u00e7\u00e3o dos ramais vai beneficiar 1 mil fam\u00edlias de agricultores.<\/p>\n\n\n\n<p>O an\u00fancio foi feito durante evento realizado no ramal da Cooperativa para formalizar Termo de Coopera\u00e7\u00e3o T\u00e9cnica no \u00e2mbito do Manaus+Agro, programa executado por meio de parceria entre o Governo do Amazonas e a Prefeitura de Manaus.<\/p>\n\n\n\n<p>Com a coopera\u00e7\u00e3o, o Estado vai ceder recursos humanos e insumos para assist\u00eancia e capacita\u00e7\u00e3o de agricultores familiares e apoiar com fomento as cadeias de piscicultura, olericultura, fruticultura e produ\u00e7\u00e3o animal na \u00e1rea rural da capital.<\/p>\n\n\n\n<p>\u201c\u00c9 importante que haja essa parceria com a Prefeitura, principalmente com o setor prim\u00e1rio. Essa \u00e9 uma parceria l\u00e1 de tr\u00e1s, para a distribui\u00e7\u00e3o de ra\u00e7\u00e3o, e que hoje a gente concretiza aqui com a pavimenta\u00e7\u00e3o do ramal do Pau Rosa e o ramal da Cooperativa, para garantir n\u00e3o apenas o desenvolvimento econ\u00f4mico, mas o desenvolvimento social tamb\u00e9m\u201d, destacou Wilson Lima.<\/p>\n\n\n\n<p>Os trabalhos nos ramais come\u00e7am em julho, ap\u00f3s o per\u00edodo chuvoso e com o fim do processo licitat\u00f3rio das obras. O prefeito de Manaus, David Almeida, destacou a import\u00e2ncia da pavimenta\u00e7\u00e3o das vias para o escoamento da produ\u00e7\u00e3o.<\/p>\n\n\n\n<p>\u201cVoc\u00eas est\u00e3o vendo a situa\u00e7\u00e3o desse ramal. No ano passado a Prefeitura fez todo esse ramal. No ver\u00e3o voc\u00ea trafega maravilhosamente. N\u00f3s vivemos uma realidade diferente quando chega a chuva. Vem os buracos. Trouxemos voc\u00eas aqui para ver a realidade do produtor rural, realidade que estamos transformando com essa parceria\u201d, frisou o prefeito.<\/p>\n\n\n\n<p>Ramais \u2013 O ramal do Pau Rosa, localizado no KM 21 da BR-174, e o ramal da Cooperativa (que fica no KM 14 do ramal do Pau Rosa) ser\u00e3o pavimentados com investimentos de R$ 98,2 milh\u00f5es, sob a coordena\u00e7\u00e3o da Secretaria de Estado de Infraestrutura e Regi\u00e3o Metropolitana (Seinfra).<\/p>\n\n\n\n<p>As obras v\u00e3o incluir servi\u00e7os de terraplenagem, drenagem superficial e profunda, pavimenta\u00e7\u00e3o e sinaliza\u00e7\u00e3o. Os ramais, que ser\u00e3o alargados e ter\u00e3o acostamento de cada lado, seguem o padr\u00e3o Dnit.<\/p>\n\n\n\n<p>Esse novo padr\u00e3o, seguido na gest\u00e3o do governador Wilson Lima, garante maior durabilidade para a obra, menos necessidade de retrabalho e de manuten\u00e7\u00e3o e maior seguran\u00e7a para motoristas e demais usu\u00e1rios destes ramais.<\/p>\n\n\n\n<p>Fam\u00edlias beneficiadas \u2013 O ramal do Pau Rosa possui 32 quil\u00f4metros de extens\u00e3o, al\u00e9m de outras 20 subvicinais ao longo da sua extens\u00e3o. Conta com mais de 550 fam\u00edlias no entorno, entre produtores rurais e residentes. Na \u00e1rea, destacam-se a produ\u00e7\u00e3o de hortali\u00e7as e frutas, extra\u00e7\u00e3o de madeira\/artesanato, pecu\u00e1ria de pequeno porte e piscicultura.<\/p>\n\n\n\n<p>O ramal possui uma escola, uma Unidade B\u00e1sica de Sa\u00fade (UBS), o pr\u00e9dio da Associa\u00e7\u00e3o dos Moradores e uma feira comunit\u00e1ria.<\/p>\n\n\n\n<p>J\u00e1 o ramal da Cooperativa possui 33,5 quil\u00f4metros, com 22 subvicinais ao longo de sua extens\u00e3o, que vai at\u00e9 o rio Tarum\u00e3, na Comunidade Nossa Senhora de F\u00e1tima.<\/p>\n\n\n\n<p>Por n\u00e3o ter sistema de drenagem e asfalto, a via apresenta problemas que dificultam o tr\u00e2nsito de moradores e escoamento da produ\u00e7\u00e3o. O fluxo de ve\u00edculos \u00e9 intenso e pelo ramal circulam carros de passeio, pick-ups, motos, \u00f4nibus escolares e caminh\u00f5es do tipo ba\u00fa, dentre outros.<\/p>\n\n\n\n<p>A principal atividade econ\u00f4mica do ramal, onde residem mais de 450 fam\u00edlias, consiste na agricultura e na cria\u00e7\u00e3o de galinhas poedeiras e de corte, nas granjas situadas ao longo do ramal. O ramal da Cooperativa possui tr\u00eas escolas, dois postos de sa\u00fade e um posto policial.<\/p>\n\n\n\n<p>Luciano Oliveira o Falc\u00e3o \u00e9 comerciante e est\u00e1 na regi\u00e3o h\u00e1 10 anos. Ele tamb\u00e9m \u00e9 produtor rural e piscicultor e emprega oito funcion\u00e1rios diretamente. \u201cO asfalto vai desenvolver n\u00e3o s\u00f3 a cadeia produtiva como tamb\u00e9m a parte social. Isso vai impactar muito positivamente na parte de sa\u00fade, as escolas, vai ter uma melhoria muito grande aqui\u201d, disse.<\/p>\n\n\n\n<p>Investimento em ramais \u2013 Desde 2019, a gest\u00e3o do governador Wilson Lima j\u00e1 concluiu 16 ramais com investimento de R$ 129.325.987,43, beneficiando cinco munic\u00edpios. Foram 127,60 quil\u00f4metros pavimentados dentro das melhores pr\u00e1ticas da engenharia, afirmou o titular da Seinfra, Carlos Henrique Lima.<\/p>\n\n\n\n<p>Com um montante de R$ 588.110.399,09, o Governo do Estado est\u00e1 executando neste momento mais 50 ramais, o que corresponde a 562,89 quil\u00f4metros, em 24 munic\u00edpios, entre obras em andamento, em licita\u00e7\u00e3o, a iniciar ou planejadas.<\/p>\n\n\n\n<p>Assist\u00eancia t\u00e9cnica e fomento \u2013 De acordo com o Termo de Coopera\u00e7\u00e3o T\u00e9cnica firmado entre Estado e Prefeitura, a Secretaria de Estado de Produ\u00e7\u00e3o Rural (Sepror) e suas vinculadas (Idam, Adaf e ADS) v\u00e3o ceder recursos humanos; realizar cursos, treinamentos e eventos para difus\u00e3o de tecnologias e para capacita\u00e7\u00e3o de agricultores e t\u00e9cnicos; fornecer alevinos; divulgar a\u00e7\u00f5es, destacando sua import\u00e2ncia para o setor prim\u00e1rio, e os seus resultados junto aos agricultores familiares dos polos rurais de Manaus.<\/p>\n\n\n\n<p>O produtor rural Jos\u00e9 Maia, que tira o sustento da fam\u00edlia com a produ\u00e7\u00e3o de banana e peixe, elogia a iniciativa. \u201cIsso era tudo o que n\u00f3s esper\u00e1vamos, estamos muito contentes. O agroneg\u00f3cio est\u00e1 chegando na nossa porta\u201d, comemorou.<\/p>\n\n\n\n<p>Caber\u00e1 \u00e0 Prefeitura de Manaus, representada pela Secretaria Municipal de Agricultura, Abastecimento, Centro e Com\u00e9rcio Informal (Semacc), selecionar agricultores familiares nos polos rurais do munic\u00edpio; fornecer alimenta\u00e7\u00e3o durante as a\u00e7\u00f5es; apoiar com equipes t\u00e9cnicas; fazer a\u00e7\u00f5es de divulga\u00e7\u00e3o e mobiliza\u00e7\u00e3o nas comunidades beneficiadas com os cursos e treinamentos; divulga\u00e7\u00e3o de resultados; mobiliza\u00e7\u00e3o, orienta\u00e7\u00e3o e assist\u00eancia t\u00e9cnica aos agricultores familiares, visando dinamiza\u00e7\u00e3o das cadeias produtivas elencadas; emiss\u00e3o de relat\u00f3rio trimestral das a\u00e7\u00f5es, com avalia\u00e7\u00e3o e controle.<\/p>\n\n\n\n<p>Fotos: Lucas Silva\/Secom<\/p>\n\n\n\n<figure class=\"wp-block-image\"><img decoding=\"async\" src=\"https:\/\/sp-ao.shortpixel.ai\/client\/to_auto,q_glossy,ret_img,w_1024,h_682\/https:\/\/portalmancheteam.com.br\/wp-content\/uploads\/2022\/03\/6fa0b53a-d34e-4b2a-accf-6390e1ccb0b5-1024x682.jpg\" alt=\"\" class=\"wp-image-80166\"\/><\/figure>\n","protected":false},"excerpt":{"rendered":"<p>Investimento de R$ 98,2 milh\u00f5es nos ramais foi anunciado durante evento do Manuas+Agro, realizado em&#8230;<\/p>\n","protected":false},"author":5,"featured_media":926,"comment_status":"open","ping_status":"open","sticky":false,"template":"","format":"standard","meta":{"footnotes":""},"categories":[51],"tags":[52,43,69],"class_list":["post-925","post","type-post","status-publish","format-standard","has-post-thumbnail","hentry","category-governo-do-amazonas","tag-governo-do-amazonas","tag-prefeitura-de-manaus","tag-wilson-lima"],"yoast_head":"<!-- This site is optimized with the Yoast SEO plugin v24.4 - https:\/\/yoast.com\/wordpress\/plugins\/seo\/ -->\n<title>Wilson Lima anuncia pavimenta\u00e7\u00e3o dos ramais do Pau Rosa e da Cooperativa, que vai beneficiar 1 mil fam\u00edlias - Not\u00edcias de Todos - Models01<\/title>\n<meta name=\"robots\" content=\"index, follow, max-snippet:-1, max-image-preview:large, max-video-preview:-1\" \/>\n<link rel=\"canonical\" href=\"https:\/\/markd.com.br\/models\/wilson-lima-anuncia-pavimentacao-dos-ramais-do-pau-rosa-e-da-cooperativa-que-vai-beneficiar-1-mil-familias\/\" \/>\n<meta property=\"og:locale\" content=\"pt_BR\" \/>\n<meta property=\"og:type\" content=\"article\" \/>\n<meta property=\"og:title\" content=\"Wilson Lima anuncia pavimenta\u00e7\u00e3o dos ramais do Pau Rosa e da Cooperativa, que vai beneficiar 1 mil fam\u00edlias - Not\u00edcias de Todos - Models01\" \/>\n<meta property=\"og:description\" content=\"Investimento de R$ 98,2 milh\u00f5es nos ramais foi anunciado durante evento do Manuas+Agro, realizado em...\" \/>\n<meta property=\"og:url\" content=\"https:\/\/markd.com.br\/models\/wilson-lima-anuncia-pavimentacao-dos-ramais-do-pau-rosa-e-da-cooperativa-que-vai-beneficiar-1-mil-familias\/\" \/>\n<meta property=\"og:site_name\" content=\"Not\u00edcias de Todos - Models01\" \/>\n<meta property=\"article:published_time\" content=\"2022-03-28T18:45:58+00:00\" \/>\n<meta property=\"article:modified_time\" content=\"2022-03-28T18:46:06+00:00\" \/>\n<meta property=\"og:image\" content=\"https:\/\/markd.com.br\/models\/wp-content\/uploads\/2022\/03\/980bde73-afda-4ec7-af59-43d4a9ab31f5.jpg\" \/>\n\t<meta property=\"og:image:width\" content=\"650\" \/>\n\t<meta property=\"og:image:height\" content=\"433\" \/>\n\t<meta property=\"og:image:type\" content=\"image\/jpeg\" \/>\n<meta name=\"author\" content=\"Reda\u00e7\u00e3o Reda\u00e7\u00e3o\" \/>\n<meta name=\"twitter:card\" content=\"summary_large_image\" \/>\n<meta name=\"twitter:label1\" content=\"Escrito por\" \/>\n\t<meta name=\"twitter:data1\" content=\"Reda\u00e7\u00e3o Reda\u00e7\u00e3o\" \/>\n\t<meta name=\"twitter:label2\" content=\"Est. tempo de leitura\" \/>\n\t<meta name=\"twitter:data2\" content=\"6 minutos\" \/>\n<script type=\"application\/ld+json\" class=\"yoast-schema-graph\">{\"@context\":\"https:\/\/schema.org\",\"@graph\":[{\"@type\":\"WebPage\",\"@id\":\"https:\/\/markd.com.br\/models\/wilson-lima-anuncia-pavimentacao-dos-ramais-do-pau-rosa-e-da-cooperativa-que-vai-beneficiar-1-mil-familias\/\",\"url\":\"https:\/\/markd.com.br\/models\/wilson-lima-anuncia-pavimentacao-dos-ramais-do-pau-rosa-e-da-cooperativa-que-vai-beneficiar-1-mil-familias\/\",\"name\":\"Wilson Lima anuncia pavimenta\u00e7\u00e3o dos ramais do Pau Rosa e da Cooperativa, que vai beneficiar 1 mil fam\u00edlias - Not\u00edcias de Todos - Models01\",\"isPartOf\":{\"@id\":\"https:\/\/markd.com.br\/models\/#website\"},\"primaryImageOfPage\":{\"@id\":\"https:\/\/markd.com.br\/models\/wilson-lima-anuncia-pavimentacao-dos-ramais-do-pau-rosa-e-da-cooperativa-que-vai-beneficiar-1-mil-familias\/#primaryimage\"},\"image\":{\"@id\":\"https:\/\/markd.com.br\/models\/wilson-lima-anuncia-pavimentacao-dos-ramais-do-pau-rosa-e-da-cooperativa-que-vai-beneficiar-1-mil-familias\/#primaryimage\"},\"thumbnailUrl\":\"https:\/\/markd.com.br\/models\/wp-content\/uploads\/2022\/03\/980bde73-afda-4ec7-af59-43d4a9ab31f5.jpg\",\"datePublished\":\"2022-03-28T18:45:58+00:00\",\"dateModified\":\"2022-03-28T18:46:06+00:00\",\"author\":{\"@id\":\"https:\/\/markd.com.br\/models\/#\/schema\/person\/c12a77ab487a7262d8bec3c47301ad37\"},\"breadcrumb\":{\"@id\":\"https:\/\/markd.com.br\/models\/wilson-lima-anuncia-pavimentacao-dos-ramais-do-pau-rosa-e-da-cooperativa-que-vai-beneficiar-1-mil-familias\/#breadcrumb\"},\"inLanguage\":\"pt-BR\",\"potentialAction\":[{\"@type\":\"ReadAction\",\"target\":[\"https:\/\/markd.com.br\/models\/wilson-lima-anuncia-pavimentacao-dos-ramais-do-pau-rosa-e-da-cooperativa-que-vai-beneficiar-1-mil-familias\/\"]}]},{\"@type\":\"ImageObject\",\"inLanguage\":\"pt-BR\",\"@id\":\"https:\/\/markd.com.br\/models\/wilson-lima-anuncia-pavimentacao-dos-ramais-do-pau-rosa-e-da-cooperativa-que-vai-beneficiar-1-mil-familias\/#primaryimage\",\"url\":\"https:\/\/markd.com.br\/models\/wp-content\/uploads\/2022\/03\/980bde73-afda-4ec7-af59-43d4a9ab31f5.jpg\",\"contentUrl\":\"https:\/\/markd.com.br\/models\/wp-content\/uploads\/2022\/03\/980bde73-afda-4ec7-af59-43d4a9ab31f5.jpg\",\"width\":650,\"height\":433},{\"@type\":\"BreadcrumbList\",\"@id\":\"https:\/\/markd.com.br\/models\/wilson-lima-anuncia-pavimentacao-dos-ramais-do-pau-rosa-e-da-cooperativa-que-vai-beneficiar-1-mil-familias\/#breadcrumb\",\"itemListElement\":[{\"@type\":\"ListItem\",\"position\":1,\"name\":\"In\u00edcio\",\"item\":\"https:\/\/markd.com.br\/models\/\"},{\"@type\":\"ListItem\",\"position\":2,\"name\":\"Wilson Lima anuncia pavimenta\u00e7\u00e3o dos ramais do Pau Rosa e da Cooperativa, que vai beneficiar 1 mil fam\u00edlias\"}]},{\"@type\":\"WebSite\",\"@id\":\"https:\/\/markd.com.br\/models\/#website\",\"url\":\"https:\/\/markd.com.br\/models\/\",\"name\":\"Not\u00edcias de Todos - Models01\",\"description\":\"Tenha um Portal de Not\u00edcias Moderno, Din\u00e2mico, R\u00e1pido e Profissional. Entregamos seu Site de  Not\u00edcias Pronto, Instalado, Hospedado, com Manual Passo a Passo e Suporte 24 horas.\",\"potentialAction\":[{\"@type\":\"SearchAction\",\"target\":{\"@type\":\"EntryPoint\",\"urlTemplate\":\"https:\/\/markd.com.br\/models\/?s={search_term_string}\"},\"query-input\":{\"@type\":\"PropertyValueSpecification\",\"valueRequired\":true,\"valueName\":\"search_term_string\"}}],\"inLanguage\":\"pt-BR\"},{\"@type\":\"Person\",\"@id\":\"https:\/\/markd.com.br\/models\/#\/schema\/person\/c12a77ab487a7262d8bec3c47301ad37\",\"name\":\"Reda\u00e7\u00e3o Reda\u00e7\u00e3o\",\"image\":{\"@type\":\"ImageObject\",\"inLanguage\":\"pt-BR\",\"@id\":\"https:\/\/markd.com.br\/models\/#\/schema\/person\/image\/\",\"url\":\"https:\/\/secure.gravatar.com\/avatar\/9448f3599ce269febf169e183039b4a6?s=96&d=mm&r=g\",\"contentUrl\":\"https:\/\/secure.gravatar.com\/avatar\/9448f3599ce269febf169e183039b4a6?s=96&d=mm&r=g\",\"caption\":\"Reda\u00e7\u00e3o Reda\u00e7\u00e3o\"},\"sameAs\":[\"https:\/\/markd.com.br\/\"],\"url\":\"https:\/\/markd.com.br\/models\/author\/redacao\/\"}]}<\/script>\n<!-- \/ Yoast SEO plugin. -->","yoast_head_json":{"title":"Wilson Lima anuncia pavimenta\u00e7\u00e3o dos ramais do Pau Rosa e da Cooperativa, que vai beneficiar 1 mil fam\u00edlias - Not\u00edcias de Todos - Models01","robots":{"index":"index","follow":"follow","max-snippet":"max-snippet:-1","max-image-preview":"max-image-preview:large","max-video-preview":"max-video-preview:-1"},"canonical":"https:\/\/markd.com.br\/models\/wilson-lima-anuncia-pavimentacao-dos-ramais-do-pau-rosa-e-da-cooperativa-que-vai-beneficiar-1-mil-familias\/","og_locale":"pt_BR","og_type":"article","og_title":"Wilson Lima anuncia pavimenta\u00e7\u00e3o dos ramais do Pau Rosa e da Cooperativa, que vai beneficiar 1 mil fam\u00edlias - Not\u00edcias de Todos - Models01","og_description":"Investimento de R$ 98,2 milh\u00f5es nos ramais foi anunciado durante evento do Manuas+Agro, realizado em...","og_url":"https:\/\/markd.com.br\/models\/wilson-lima-anuncia-pavimentacao-dos-ramais-do-pau-rosa-e-da-cooperativa-que-vai-beneficiar-1-mil-familias\/","og_site_name":"Not\u00edcias de Todos - Models01","article_published_time":"2022-03-28T18:45:58+00:00","article_modified_time":"2022-03-28T18:46:06+00:00","og_image":[{"width":650,"height":433,"url":"https:\/\/markd.com.br\/models\/wp-content\/uploads\/2022\/03\/980bde73-afda-4ec7-af59-43d4a9ab31f5.jpg","type":"image\/jpeg"}],"author":"Reda\u00e7\u00e3o Reda\u00e7\u00e3o","twitter_card":"summary_large_image","twitter_misc":{"Escrito por":"Reda\u00e7\u00e3o Reda\u00e7\u00e3o","Est. tempo de leitura":"6 minutos"},"schema":{"@context":"https:\/\/schema.org","@graph":[{"@type":"WebPage","@id":"https:\/\/markd.com.br\/models\/wilson-lima-anuncia-pavimentacao-dos-ramais-do-pau-rosa-e-da-cooperativa-que-vai-beneficiar-1-mil-familias\/","url":"https:\/\/markd.com.br\/models\/wilson-lima-anuncia-pavimentacao-dos-ramais-do-pau-rosa-e-da-cooperativa-que-vai-beneficiar-1-mil-familias\/","name":"Wilson Lima anuncia pavimenta\u00e7\u00e3o dos ramais do Pau Rosa e da Cooperativa, que vai beneficiar 1 mil fam\u00edlias - Not\u00edcias de Todos - Models01","isPartOf":{"@id":"https:\/\/markd.com.br\/models\/#website"},"primaryImageOfPage":{"@id":"https:\/\/markd.com.br\/models\/wilson-lima-anuncia-pavimentacao-dos-ramais-do-pau-rosa-e-da-cooperativa-que-vai-beneficiar-1-mil-familias\/#primaryimage"},"image":{"@id":"https:\/\/markd.com.br\/models\/wilson-lima-anuncia-pavimentacao-dos-ramais-do-pau-rosa-e-da-cooperativa-que-vai-beneficiar-1-mil-familias\/#primaryimage"},"thumbnailUrl":"https:\/\/markd.com.br\/models\/wp-content\/uploads\/2022\/03\/980bde73-afda-4ec7-af59-43d4a9ab31f5.jpg","datePublished":"2022-03-28T18:45:58+00:00","dateModified":"2022-03-28T18:46:06+00:00","author":{"@id":"https:\/\/markd.com.br\/models\/#\/schema\/person\/c12a77ab487a7262d8bec3c47301ad37"},"breadcrumb":{"@id":"https:\/\/markd.com.br\/models\/wilson-lima-anuncia-pavimentacao-dos-ramais-do-pau-rosa-e-da-cooperativa-que-vai-beneficiar-1-mil-familias\/#breadcrumb"},"inLanguage":"pt-BR","potentialAction":[{"@type":"ReadAction","target":["https:\/\/markd.com.br\/models\/wilson-lima-anuncia-pavimentacao-dos-ramais-do-pau-rosa-e-da-cooperativa-que-vai-beneficiar-1-mil-familias\/"]}]},{"@type":"ImageObject","inLanguage":"pt-BR","@id":"https:\/\/markd.com.br\/models\/wilson-lima-anuncia-pavimentacao-dos-ramais-do-pau-rosa-e-da-cooperativa-que-vai-beneficiar-1-mil-familias\/#primaryimage","url":"https:\/\/markd.com.br\/models\/wp-content\/uploads\/2022\/03\/980bde73-afda-4ec7-af59-43d4a9ab31f5.jpg","contentUrl":"https:\/\/markd.com.br\/models\/wp-content\/uploads\/2022\/03\/980bde73-afda-4ec7-af59-43d4a9ab31f5.jpg","width":650,"height":433},{"@type":"BreadcrumbList","@id":"https:\/\/markd.com.br\/models\/wilson-lima-anuncia-pavimentacao-dos-ramais-do-pau-rosa-e-da-cooperativa-que-vai-beneficiar-1-mil-familias\/#breadcrumb","itemListElement":[{"@type":"ListItem","position":1,"name":"In\u00edcio","item":"https:\/\/markd.com.br\/models\/"},{"@type":"ListItem","position":2,"name":"Wilson Lima anuncia pavimenta\u00e7\u00e3o dos ramais do Pau Rosa e da Cooperativa, que vai beneficiar 1 mil fam\u00edlias"}]},{"@type":"WebSite","@id":"https:\/\/markd.com.br\/models\/#website","url":"https:\/\/markd.com.br\/models\/","name":"Not\u00edcias de Todos - Models01","description":"Tenha um Portal de Not\u00edcias Moderno, Din\u00e2mico, R\u00e1pido e Profissional. Entregamos seu Site de  Not\u00edcias Pronto, Instalado, Hospedado, com Manual Passo a Passo e Suporte 24 horas.","potentialAction":[{"@type":"SearchAction","target":{"@type":"EntryPoint","urlTemplate":"https:\/\/markd.com.br\/models\/?s={search_term_string}"},"query-input":{"@type":"PropertyValueSpecification","valueRequired":true,"valueName":"search_term_string"}}],"inLanguage":"pt-BR"},{"@type":"Person","@id":"https:\/\/markd.com.br\/models\/#\/schema\/person\/c12a77ab487a7262d8bec3c47301ad37","name":"Reda\u00e7\u00e3o Reda\u00e7\u00e3o","image":{"@type":"ImageObject","inLanguage":"pt-BR","@id":"https:\/\/markd.com.br\/models\/#\/schema\/person\/image\/","url":"https:\/\/secure.gravatar.com\/avatar\/9448f3599ce269febf169e183039b4a6?s=96&d=mm&r=g","contentUrl":"https:\/\/secure.gravatar.com\/avatar\/9448f3599ce269febf169e183039b4a6?s=96&d=mm&r=g","caption":"Reda\u00e7\u00e3o Reda\u00e7\u00e3o"},"sameAs":["https:\/\/markd.com.br\/"],"url":"https:\/\/markd.com.br\/models\/author\/redacao\/"}]}},"featured_image_urls":{"full":["https:\/\/markd.com.br\/models\/wp-content\/uploads\/2022\/03\/980bde73-afda-4ec7-af59-43d4a9ab31f5.jpg",650,433,false],"thumbnail":["https:\/\/markd.com.br\/models\/wp-content\/uploads\/2022\/03\/980bde73-afda-4ec7-af59-43d4a9ab31f5-150x150.jpg",150,150,true],"medium":["https:\/\/markd.com.br\/models\/wp-content\/uploads\/2022\/03\/980bde73-afda-4ec7-af59-43d4a9ab31f5-300x200.jpg",300,200,true],"medium_large":["https:\/\/markd.com.br\/models\/wp-content\/uploads\/2022\/03\/980bde73-afda-4ec7-af59-43d4a9ab31f5.jpg",640,426,false],"large":["https:\/\/markd.com.br\/models\/wp-content\/uploads\/2022\/03\/980bde73-afda-4ec7-af59-43d4a9ab31f5.jpg",640,426,false],"1536x1536":["https:\/\/markd.com.br\/models\/wp-content\/uploads\/2022\/03\/980bde73-afda-4ec7-af59-43d4a9ab31f5.jpg",650,433,false],"2048x2048":["https:\/\/markd.com.br\/models\/wp-content\/uploads\/2022\/03\/980bde73-afda-4ec7-af59-43d4a9ab31f5.jpg",650,433,false],"newsphere-slider-full":["https:\/\/markd.com.br\/models\/wp-content\/uploads\/2022\/03\/980bde73-afda-4ec7-af59-43d4a9ab31f5.jpg",650,433,false],"newsphere-featured":["https:\/\/markd.com.br\/models\/wp-content\/uploads\/2022\/03\/980bde73-afda-4ec7-af59-43d4a9ab31f5.jpg",650,433,false],"newsphere-medium":["https:\/\/markd.com.br\/models\/wp-content\/uploads\/2022\/03\/980bde73-afda-4ec7-af59-43d4a9ab31f5-650x380.jpg",650,380,true]},"author_info":{"display_name":"Reda\u00e7\u00e3o Reda\u00e7\u00e3o","author_link":"https:\/\/markd.com.br\/models\/author\/redacao\/"},"category_info":"<a href=\"https:\/\/markd.com.br\/models\/category\/governo-do-amazonas\/\" rel=\"category tag\">Governo do amazonas<\/a>","tag_info":"Governo do amazonas","comment_count":"0","jetpack_featured_media_url":"https:\/\/markd.com.br\/models\/wp-content\/uploads\/2022\/03\/980bde73-afda-4ec7-af59-43d4a9ab31f5.jpg","_links":{"self":[{"href":"https:\/\/markd.com.br\/models\/wp-json\/wp\/v2\/posts\/925","targetHints":{"allow":["GET"]}}],"collection":[{"href":"https:\/\/markd.com.br\/models\/wp-json\/wp\/v2\/posts"}],"about":[{"href":"https:\/\/markd.com.br\/models\/wp-json\/wp\/v2\/types\/post"}],"author":[{"embeddable":true,"href":"https:\/\/markd.com.br\/models\/wp-json\/wp\/v2\/users\/5"}],"replies":[{"embeddable":true,"href":"https:\/\/markd.com.br\/models\/wp-json\/wp\/v2\/comments?post=925"}],"version-history":[{"count":1,"href":"https:\/\/markd.com.br\/models\/wp-json\/wp\/v2\/posts\/925\/revisions"}],"predecessor-version":[{"id":927,"href":"https:\/\/markd.com.br\/models\/wp-json\/wp\/v2\/posts\/925\/revisions\/927"}],"wp:featuredmedia":[{"embeddable":true,"href":"https:\/\/markd.com.br\/models\/wp-json\/wp\/v2\/media\/926"}],"wp:attachment":[{"href":"https:\/\/markd.com.br\/models\/wp-json\/wp\/v2\/media?parent=925"}],"wp:term":[{"taxonomy":"category","embeddable":true,"href":"https:\/\/markd.com.br\/models\/wp-json\/wp\/v2\/categories?post=925"},{"taxonomy":"post_tag","embeddable":true,"href":"https:\/\/markd.com.br\/models\/wp-json\/wp\/v2\/tags?post=925"}],"curies":[{"name":"wp","href":"https:\/\/api.w.org\/{rel}","templated":true}]}}