{"id":937,"date":"2022-03-28T16:25:57","date_gmt":"2022-03-28T19:25:57","guid":{"rendered":"https:\/\/portaldestaquenoticias.com.br\/?p=937"},"modified":"2022-03-28T16:26:03","modified_gmt":"2022-03-28T19:26:03","slug":"ato-simbolico-em-parintins-reforca-importancia-da-vacinacao-contra-febre-aftosa","status":"publish","type":"post","link":"https:\/\/markd.com.br\/models\/ato-simbolico-em-parintins-reforca-importancia-da-vacinacao-contra-febre-aftosa\/","title":{"rendered":"Ato simb\u00f3lico em Parintins refor\u00e7a import\u00e2ncia da vacina\u00e7\u00e3o contra febre aftosa"},"content":{"rendered":"\n<p><\/p>\n\n\n\n<p>Imuniza\u00e7\u00e3o simb\u00f3lica aconteceu no Parque de Exposi\u00e7\u00f5es Luiz Louren\u00e7o de Souza e contou com a presen\u00e7a do governador Wilson Lima<\/p>\n\n\n\n<p>A Ag\u00eancia de Defesa Agropecu\u00e1ria e Florestal do Estado do Amazonas (Adaf) realizou um ato simb\u00f3lico para refor\u00e7ar a import\u00e2ncia da campanha Amazonas Sem Febre Aftosa, na sexta-feira (25\/03), no Parque de Exposi\u00e7\u00f5es Luiz Louren\u00e7o de Souza, em Parintins (a 369 quil\u00f4metros de Manaus). O evento teve a presen\u00e7a do governador, Wilson Lima, e a participa\u00e7\u00e3o de mais de 60 produtores rurais locais. A primeira etapa de imuniza\u00e7\u00e3o iniciou no \u00faltimo dia 15 de mar\u00e7o e segue at\u00e9 30 de abril.<\/p>\n\n\n\n<p>Organizada pelo Sistema Sepror \u2013 integrado pela Adaf, Instituto de Desenvolvimento Agropecu\u00e1rio e Florestal Sustent\u00e1vel do Estado do Amazonas (Idam) e Ag\u00eancia de Desenvolvimento Sustent\u00e1vel do Amazonas (ADS) \u2013, a imuniza\u00e7\u00e3o simb\u00f3lica teve o apoio da Secretaria Municipal de Pecu\u00e1ria, Agricultura e Abastecimento (Sempa), Unidade Local do Idam, Unidade Local de Sanidade Animal e Vegetal (Ulsav) da Adaf, e Associa\u00e7\u00e3o dos Pecuaristas de Parintins.<\/p>\n\n\n\n<p>Durante a atividade, cerca de 10 animais estiveram no Parque de Exposi\u00e7\u00f5es para a realiza\u00e7\u00e3o de uma a\u00e7\u00e3o simb\u00f3lica de vacina\u00e7\u00e3o contra a febre aftosa, com atua\u00e7\u00e3o dos servidores da autarquia.<\/p>\n\n\n\n<p>Educa\u00e7\u00e3o sanit\u00e1ria \u2013 A programa\u00e7\u00e3o contemplou tamb\u00e9m a realiza\u00e7\u00e3o de duas palestras de Educa\u00e7\u00e3o Sanit\u00e1ria. A primeira, com o tema febre aftosa, ministrada pela m\u00e9dica veterin\u00e1ria da Adaf, Cl\u00e1udia Ramos. O p\u00fablico-alvo foram os produtores rurais locais.<\/p>\n\n\n\n<p>A segunda palestra, proferida pela engenheira agr\u00f4noma da Adaf, Val\u00e9ria Ferreira, abordou temas como documenta\u00e7\u00e3o obrigat\u00f3ria para o tr\u00e2nsito de agrot\u00f3xicos e orienta\u00e7\u00f5es para preven\u00e7\u00e3o da entrada da mosca-da-carambola no estado. Voltada a produtores locais e estudantes, a atividade teve dois estandes montados no Parque de Exposi\u00e7\u00f5es, e foi prestigiada por cerca de 40 alunos do Curso T\u00e9cnico em Agropecu\u00e1ria do Instituto Federal de Educa\u00e7\u00e3o, Ci\u00eancia e Tecnologia do Amazonas (Ifam), do Campus Parintins.<\/p>\n\n\n\n<p>Os produtores presentes no evento tiveram a oportunidade ainda de participar do sorteio de pistolas de vacina\u00e7\u00e3o, doses de vacinas, ter\u00e7ados e botas sete l\u00e9guas, doados por produtores locais.<\/p>\n\n\n\n<p>Renova\u00e7\u00e3o \u2013 Duas casas de revenda agropecu\u00e1rias existentes no munic\u00edpio de Parintins e que renovaram seus registros junto \u00e0 Adaf tamb\u00e9m receberam os certificados durante o evento na sexta-feira.<\/p>\n\n\n\n<p>Sob os n\u00fameros de registro 1303403-002 e 1303403-001, as empresas Agro Boi e Amazonas Agro, respectivamente, foram fiscalizadas pela Adaf e, por atenderem todos os pr\u00e9-requisitos exigidos pela legisla\u00e7\u00e3o, obtiveram a renova\u00e7\u00e3o do registro para atuarem como casa agropecu\u00e1ria.<\/p>\n\n\n\n<p>FOTOS: Emerson Martins\/Sepror<\/p>\n\n\n\n<figure class=\"wp-block-image\"><img decoding=\"async\" src=\"https:\/\/sp-ao.shortpixel.ai\/client\/to_auto,q_glossy,ret_img,w_1024,h_682\/https:\/\/portalmancheteam.com.br\/wp-content\/uploads\/2022\/03\/6eb98811-41ac-483f-92e5-ac247f1496de-1024x682.jpg\" alt=\"\" class=\"wp-image-80147\"\/><\/figure>\n\n\n\n<p>Informa\u00e7\u00f5es para a imprensa: Assessoria de Comunica\u00e7\u00e3o da Ag\u00eancia de Defesa Agropecu\u00e1ria e Florestal do Estado do Amazonas (Adaf): Joubert Lima (98119-1561), Caetaninha Cavalcanti (98834-8152) e Annyelle Bezerra (99903-2634).<\/p>\n","protected":false},"excerpt":{"rendered":"<p>Imuniza\u00e7\u00e3o simb\u00f3lica aconteceu no Parque de Exposi\u00e7\u00f5es Luiz Louren\u00e7o de Souza e contou com a&#8230;<\/p>\n","protected":false},"author":5,"featured_media":938,"comment_status":"open","ping_status":"open","sticky":false,"template":"","format":"standard","meta":{"footnotes":""},"categories":[51],"tags":[139,52,140,125],"class_list":["post-937","post","type-post","status-publish","format-standard","has-post-thumbnail","hentry","category-governo-do-amazonas","tag-adaf","tag-governo-do-amazonas","tag-idam","tag-vacinacao"],"yoast_head":"<!-- This site is optimized with the Yoast SEO plugin v24.4 - https:\/\/yoast.com\/wordpress\/plugins\/seo\/ -->\n<title>Ato simb\u00f3lico em Parintins refor\u00e7a import\u00e2ncia da vacina\u00e7\u00e3o contra febre aftosa - Not\u00edcias de Todos - Models01<\/title>\n<meta name=\"robots\" content=\"index, follow, max-snippet:-1, max-image-preview:large, max-video-preview:-1\" \/>\n<link rel=\"canonical\" href=\"https:\/\/markd.com.br\/models\/ato-simbolico-em-parintins-reforca-importancia-da-vacinacao-contra-febre-aftosa\/\" \/>\n<meta property=\"og:locale\" content=\"pt_BR\" \/>\n<meta property=\"og:type\" content=\"article\" \/>\n<meta property=\"og:title\" content=\"Ato simb\u00f3lico em Parintins refor\u00e7a import\u00e2ncia da vacina\u00e7\u00e3o contra febre aftosa - Not\u00edcias de Todos - Models01\" \/>\n<meta property=\"og:description\" content=\"Imuniza\u00e7\u00e3o simb\u00f3lica aconteceu no Parque de Exposi\u00e7\u00f5es Luiz Louren\u00e7o de Souza e contou com a...\" \/>\n<meta property=\"og:url\" content=\"https:\/\/markd.com.br\/models\/ato-simbolico-em-parintins-reforca-importancia-da-vacinacao-contra-febre-aftosa\/\" \/>\n<meta property=\"og:site_name\" content=\"Not\u00edcias de Todos - Models01\" \/>\n<meta property=\"article:published_time\" content=\"2022-03-28T19:25:57+00:00\" \/>\n<meta property=\"article:modified_time\" content=\"2022-03-28T19:26:03+00:00\" \/>\n<meta property=\"og:image\" content=\"https:\/\/markd.com.br\/models\/wp-content\/uploads\/2022\/03\/1cef7062-28d7-48ae-8538-ccb5c780be72-1-1.jpg\" \/>\n\t<meta property=\"og:image:width\" content=\"650\" \/>\n\t<meta property=\"og:image:height\" content=\"433\" \/>\n\t<meta property=\"og:image:type\" content=\"image\/jpeg\" \/>\n<meta name=\"author\" content=\"Reda\u00e7\u00e3o Reda\u00e7\u00e3o\" \/>\n<meta name=\"twitter:card\" content=\"summary_large_image\" \/>\n<meta name=\"twitter:label1\" content=\"Escrito por\" \/>\n\t<meta name=\"twitter:data1\" content=\"Reda\u00e7\u00e3o Reda\u00e7\u00e3o\" \/>\n\t<meta name=\"twitter:label2\" content=\"Est. tempo de leitura\" \/>\n\t<meta name=\"twitter:data2\" content=\"3 minutos\" \/>\n<script type=\"application\/ld+json\" class=\"yoast-schema-graph\">{\"@context\":\"https:\/\/schema.org\",\"@graph\":[{\"@type\":\"WebPage\",\"@id\":\"https:\/\/markd.com.br\/models\/ato-simbolico-em-parintins-reforca-importancia-da-vacinacao-contra-febre-aftosa\/\",\"url\":\"https:\/\/markd.com.br\/models\/ato-simbolico-em-parintins-reforca-importancia-da-vacinacao-contra-febre-aftosa\/\",\"name\":\"Ato simb\u00f3lico em Parintins refor\u00e7a import\u00e2ncia da vacina\u00e7\u00e3o contra febre aftosa - Not\u00edcias de Todos - Models01\",\"isPartOf\":{\"@id\":\"https:\/\/markd.com.br\/models\/#website\"},\"primaryImageOfPage\":{\"@id\":\"https:\/\/markd.com.br\/models\/ato-simbolico-em-parintins-reforca-importancia-da-vacinacao-contra-febre-aftosa\/#primaryimage\"},\"image\":{\"@id\":\"https:\/\/markd.com.br\/models\/ato-simbolico-em-parintins-reforca-importancia-da-vacinacao-contra-febre-aftosa\/#primaryimage\"},\"thumbnailUrl\":\"https:\/\/markd.com.br\/models\/wp-content\/uploads\/2022\/03\/1cef7062-28d7-48ae-8538-ccb5c780be72-1-1.jpg\",\"datePublished\":\"2022-03-28T19:25:57+00:00\",\"dateModified\":\"2022-03-28T19:26:03+00:00\",\"author\":{\"@id\":\"https:\/\/markd.com.br\/models\/#\/schema\/person\/c12a77ab487a7262d8bec3c47301ad37\"},\"breadcrumb\":{\"@id\":\"https:\/\/markd.com.br\/models\/ato-simbolico-em-parintins-reforca-importancia-da-vacinacao-contra-febre-aftosa\/#breadcrumb\"},\"inLanguage\":\"pt-BR\",\"potentialAction\":[{\"@type\":\"ReadAction\",\"target\":[\"https:\/\/markd.com.br\/models\/ato-simbolico-em-parintins-reforca-importancia-da-vacinacao-contra-febre-aftosa\/\"]}]},{\"@type\":\"ImageObject\",\"inLanguage\":\"pt-BR\",\"@id\":\"https:\/\/markd.com.br\/models\/ato-simbolico-em-parintins-reforca-importancia-da-vacinacao-contra-febre-aftosa\/#primaryimage\",\"url\":\"https:\/\/markd.com.br\/models\/wp-content\/uploads\/2022\/03\/1cef7062-28d7-48ae-8538-ccb5c780be72-1-1.jpg\",\"contentUrl\":\"https:\/\/markd.com.br\/models\/wp-content\/uploads\/2022\/03\/1cef7062-28d7-48ae-8538-ccb5c780be72-1-1.jpg\",\"width\":650,\"height\":433},{\"@type\":\"BreadcrumbList\",\"@id\":\"https:\/\/markd.com.br\/models\/ato-simbolico-em-parintins-reforca-importancia-da-vacinacao-contra-febre-aftosa\/#breadcrumb\",\"itemListElement\":[{\"@type\":\"ListItem\",\"position\":1,\"name\":\"In\u00edcio\",\"item\":\"https:\/\/markd.com.br\/models\/\"},{\"@type\":\"ListItem\",\"position\":2,\"name\":\"Ato simb\u00f3lico em Parintins refor\u00e7a import\u00e2ncia da vacina\u00e7\u00e3o contra febre aftosa\"}]},{\"@type\":\"WebSite\",\"@id\":\"https:\/\/markd.com.br\/models\/#website\",\"url\":\"https:\/\/markd.com.br\/models\/\",\"name\":\"Not\u00edcias de Todos - Models01\",\"description\":\"Tenha um Portal de Not\u00edcias Moderno, Din\u00e2mico, R\u00e1pido e Profissional. Entregamos seu Site de  Not\u00edcias Pronto, Instalado, Hospedado, com Manual Passo a Passo e Suporte 24 horas.\",\"potentialAction\":[{\"@type\":\"SearchAction\",\"target\":{\"@type\":\"EntryPoint\",\"urlTemplate\":\"https:\/\/markd.com.br\/models\/?s={search_term_string}\"},\"query-input\":{\"@type\":\"PropertyValueSpecification\",\"valueRequired\":true,\"valueName\":\"search_term_string\"}}],\"inLanguage\":\"pt-BR\"},{\"@type\":\"Person\",\"@id\":\"https:\/\/markd.com.br\/models\/#\/schema\/person\/c12a77ab487a7262d8bec3c47301ad37\",\"name\":\"Reda\u00e7\u00e3o Reda\u00e7\u00e3o\",\"image\":{\"@type\":\"ImageObject\",\"inLanguage\":\"pt-BR\",\"@id\":\"https:\/\/markd.com.br\/models\/#\/schema\/person\/image\/\",\"url\":\"https:\/\/secure.gravatar.com\/avatar\/9448f3599ce269febf169e183039b4a6?s=96&d=mm&r=g\",\"contentUrl\":\"https:\/\/secure.gravatar.com\/avatar\/9448f3599ce269febf169e183039b4a6?s=96&d=mm&r=g\",\"caption\":\"Reda\u00e7\u00e3o Reda\u00e7\u00e3o\"},\"sameAs\":[\"https:\/\/markd.com.br\/\"],\"url\":\"https:\/\/markd.com.br\/models\/author\/redacao\/\"}]}<\/script>\n<!-- \/ Yoast SEO plugin. -->","yoast_head_json":{"title":"Ato simb\u00f3lico em Parintins refor\u00e7a import\u00e2ncia da vacina\u00e7\u00e3o contra febre aftosa - Not\u00edcias de Todos - Models01","robots":{"index":"index","follow":"follow","max-snippet":"max-snippet:-1","max-image-preview":"max-image-preview:large","max-video-preview":"max-video-preview:-1"},"canonical":"https:\/\/markd.com.br\/models\/ato-simbolico-em-parintins-reforca-importancia-da-vacinacao-contra-febre-aftosa\/","og_locale":"pt_BR","og_type":"article","og_title":"Ato simb\u00f3lico em Parintins refor\u00e7a import\u00e2ncia da vacina\u00e7\u00e3o contra febre aftosa - Not\u00edcias de Todos - Models01","og_description":"Imuniza\u00e7\u00e3o simb\u00f3lica aconteceu no Parque de Exposi\u00e7\u00f5es Luiz Louren\u00e7o de Souza e contou com a...","og_url":"https:\/\/markd.com.br\/models\/ato-simbolico-em-parintins-reforca-importancia-da-vacinacao-contra-febre-aftosa\/","og_site_name":"Not\u00edcias de Todos - Models01","article_published_time":"2022-03-28T19:25:57+00:00","article_modified_time":"2022-03-28T19:26:03+00:00","og_image":[{"width":650,"height":433,"url":"https:\/\/markd.com.br\/models\/wp-content\/uploads\/2022\/03\/1cef7062-28d7-48ae-8538-ccb5c780be72-1-1.jpg","type":"image\/jpeg"}],"author":"Reda\u00e7\u00e3o Reda\u00e7\u00e3o","twitter_card":"summary_large_image","twitter_misc":{"Escrito por":"Reda\u00e7\u00e3o Reda\u00e7\u00e3o","Est. tempo de leitura":"3 minutos"},"schema":{"@context":"https:\/\/schema.org","@graph":[{"@type":"WebPage","@id":"https:\/\/markd.com.br\/models\/ato-simbolico-em-parintins-reforca-importancia-da-vacinacao-contra-febre-aftosa\/","url":"https:\/\/markd.com.br\/models\/ato-simbolico-em-parintins-reforca-importancia-da-vacinacao-contra-febre-aftosa\/","name":"Ato simb\u00f3lico em Parintins refor\u00e7a import\u00e2ncia da vacina\u00e7\u00e3o contra febre aftosa - Not\u00edcias de Todos - Models01","isPartOf":{"@id":"https:\/\/markd.com.br\/models\/#website"},"primaryImageOfPage":{"@id":"https:\/\/markd.com.br\/models\/ato-simbolico-em-parintins-reforca-importancia-da-vacinacao-contra-febre-aftosa\/#primaryimage"},"image":{"@id":"https:\/\/markd.com.br\/models\/ato-simbolico-em-parintins-reforca-importancia-da-vacinacao-contra-febre-aftosa\/#primaryimage"},"thumbnailUrl":"https:\/\/markd.com.br\/models\/wp-content\/uploads\/2022\/03\/1cef7062-28d7-48ae-8538-ccb5c780be72-1-1.jpg","datePublished":"2022-03-28T19:25:57+00:00","dateModified":"2022-03-28T19:26:03+00:00","author":{"@id":"https:\/\/markd.com.br\/models\/#\/schema\/person\/c12a77ab487a7262d8bec3c47301ad37"},"breadcrumb":{"@id":"https:\/\/markd.com.br\/models\/ato-simbolico-em-parintins-reforca-importancia-da-vacinacao-contra-febre-aftosa\/#breadcrumb"},"inLanguage":"pt-BR","potentialAction":[{"@type":"ReadAction","target":["https:\/\/markd.com.br\/models\/ato-simbolico-em-parintins-reforca-importancia-da-vacinacao-contra-febre-aftosa\/"]}]},{"@type":"ImageObject","inLanguage":"pt-BR","@id":"https:\/\/markd.com.br\/models\/ato-simbolico-em-parintins-reforca-importancia-da-vacinacao-contra-febre-aftosa\/#primaryimage","url":"https:\/\/markd.com.br\/models\/wp-content\/uploads\/2022\/03\/1cef7062-28d7-48ae-8538-ccb5c780be72-1-1.jpg","contentUrl":"https:\/\/markd.com.br\/models\/wp-content\/uploads\/2022\/03\/1cef7062-28d7-48ae-8538-ccb5c780be72-1-1.jpg","width":650,"height":433},{"@type":"BreadcrumbList","@id":"https:\/\/markd.com.br\/models\/ato-simbolico-em-parintins-reforca-importancia-da-vacinacao-contra-febre-aftosa\/#breadcrumb","itemListElement":[{"@type":"ListItem","position":1,"name":"In\u00edcio","item":"https:\/\/markd.com.br\/models\/"},{"@type":"ListItem","position":2,"name":"Ato simb\u00f3lico em Parintins refor\u00e7a import\u00e2ncia da vacina\u00e7\u00e3o contra febre aftosa"}]},{"@type":"WebSite","@id":"https:\/\/markd.com.br\/models\/#website","url":"https:\/\/markd.com.br\/models\/","name":"Not\u00edcias de Todos - Models01","description":"Tenha um Portal de Not\u00edcias Moderno, Din\u00e2mico, R\u00e1pido e Profissional. Entregamos seu Site de  Not\u00edcias Pronto, Instalado, Hospedado, com Manual Passo a Passo e Suporte 24 horas.","potentialAction":[{"@type":"SearchAction","target":{"@type":"EntryPoint","urlTemplate":"https:\/\/markd.com.br\/models\/?s={search_term_string}"},"query-input":{"@type":"PropertyValueSpecification","valueRequired":true,"valueName":"search_term_string"}}],"inLanguage":"pt-BR"},{"@type":"Person","@id":"https:\/\/markd.com.br\/models\/#\/schema\/person\/c12a77ab487a7262d8bec3c47301ad37","name":"Reda\u00e7\u00e3o Reda\u00e7\u00e3o","image":{"@type":"ImageObject","inLanguage":"pt-BR","@id":"https:\/\/markd.com.br\/models\/#\/schema\/person\/image\/","url":"https:\/\/secure.gravatar.com\/avatar\/9448f3599ce269febf169e183039b4a6?s=96&d=mm&r=g","contentUrl":"https:\/\/secure.gravatar.com\/avatar\/9448f3599ce269febf169e183039b4a6?s=96&d=mm&r=g","caption":"Reda\u00e7\u00e3o Reda\u00e7\u00e3o"},"sameAs":["https:\/\/markd.com.br\/"],"url":"https:\/\/markd.com.br\/models\/author\/redacao\/"}]}},"featured_image_urls":{"full":["https:\/\/markd.com.br\/models\/wp-content\/uploads\/2022\/03\/1cef7062-28d7-48ae-8538-ccb5c780be72-1-1.jpg",650,433,false],"thumbnail":["https:\/\/markd.com.br\/models\/wp-content\/uploads\/2022\/03\/1cef7062-28d7-48ae-8538-ccb5c780be72-1-1-150x150.jpg",150,150,true],"medium":["https:\/\/markd.com.br\/models\/wp-content\/uploads\/2022\/03\/1cef7062-28d7-48ae-8538-ccb5c780be72-1-1-300x200.jpg",300,200,true],"medium_large":["https:\/\/markd.com.br\/models\/wp-content\/uploads\/2022\/03\/1cef7062-28d7-48ae-8538-ccb5c780be72-1-1.jpg",640,426,false],"large":["https:\/\/markd.com.br\/models\/wp-content\/uploads\/2022\/03\/1cef7062-28d7-48ae-8538-ccb5c780be72-1-1.jpg",640,426,false],"1536x1536":["https:\/\/markd.com.br\/models\/wp-content\/uploads\/2022\/03\/1cef7062-28d7-48ae-8538-ccb5c780be72-1-1.jpg",650,433,false],"2048x2048":["https:\/\/markd.com.br\/models\/wp-content\/uploads\/2022\/03\/1cef7062-28d7-48ae-8538-ccb5c780be72-1-1.jpg",650,433,false],"newsphere-slider-full":["https:\/\/markd.com.br\/models\/wp-content\/uploads\/2022\/03\/1cef7062-28d7-48ae-8538-ccb5c780be72-1-1.jpg",650,433,false],"newsphere-featured":["https:\/\/markd.com.br\/models\/wp-content\/uploads\/2022\/03\/1cef7062-28d7-48ae-8538-ccb5c780be72-1-1.jpg",650,433,false],"newsphere-medium":["https:\/\/markd.com.br\/models\/wp-content\/uploads\/2022\/03\/1cef7062-28d7-48ae-8538-ccb5c780be72-1-1-650x380.jpg",650,380,true]},"author_info":{"display_name":"Reda\u00e7\u00e3o Reda\u00e7\u00e3o","author_link":"https:\/\/markd.com.br\/models\/author\/redacao\/"},"category_info":"<a href=\"https:\/\/markd.com.br\/models\/category\/governo-do-amazonas\/\" rel=\"category tag\">Governo do amazonas<\/a>","tag_info":"Governo do amazonas","comment_count":"0","jetpack_featured_media_url":"https:\/\/markd.com.br\/models\/wp-content\/uploads\/2022\/03\/1cef7062-28d7-48ae-8538-ccb5c780be72-1-1.jpg","_links":{"self":[{"href":"https:\/\/markd.com.br\/models\/wp-json\/wp\/v2\/posts\/937","targetHints":{"allow":["GET"]}}],"collection":[{"href":"https:\/\/markd.com.br\/models\/wp-json\/wp\/v2\/posts"}],"about":[{"href":"https:\/\/markd.com.br\/models\/wp-json\/wp\/v2\/types\/post"}],"author":[{"embeddable":true,"href":"https:\/\/markd.com.br\/models\/wp-json\/wp\/v2\/users\/5"}],"replies":[{"embeddable":true,"href":"https:\/\/markd.com.br\/models\/wp-json\/wp\/v2\/comments?post=937"}],"version-history":[{"count":1,"href":"https:\/\/markd.com.br\/models\/wp-json\/wp\/v2\/posts\/937\/revisions"}],"predecessor-version":[{"id":939,"href":"https:\/\/markd.com.br\/models\/wp-json\/wp\/v2\/posts\/937\/revisions\/939"}],"wp:featuredmedia":[{"embeddable":true,"href":"https:\/\/markd.com.br\/models\/wp-json\/wp\/v2\/media\/938"}],"wp:attachment":[{"href":"https:\/\/markd.com.br\/models\/wp-json\/wp\/v2\/media?parent=937"}],"wp:term":[{"taxonomy":"category","embeddable":true,"href":"https:\/\/markd.com.br\/models\/wp-json\/wp\/v2\/categories?post=937"},{"taxonomy":"post_tag","embeddable":true,"href":"https:\/\/markd.com.br\/models\/wp-json\/wp\/v2\/tags?post=937"}],"curies":[{"name":"wp","href":"https:\/\/api.w.org\/{rel}","templated":true}]}}