{"id":957,"date":"2022-03-28T17:00:46","date_gmt":"2022-03-28T20:00:46","guid":{"rendered":"https:\/\/portaldestaquenoticias.com.br\/?p=957"},"modified":"2022-03-28T17:00:49","modified_gmt":"2022-03-28T20:00:49","slug":"adail-filho-reforca-a-importancia-da-juventude-exercer-a-democracia","status":"publish","type":"post","link":"https:\/\/markd.com.br\/models\/adail-filho-reforca-a-importancia-da-juventude-exercer-a-democracia\/","title":{"rendered":"Adail Filho refor\u00e7a a import\u00e2ncia da juventude exercer a democracia"},"content":{"rendered":"\n<p>O pr\u00e9-candidato a deputado federal, Adail Filho, refor\u00e7ou a import\u00e2ncia dos jovens tirarem o t\u00edtulo de eleitor para exercerem a democracia nas elei\u00e7\u00f5es que ocorrer\u00e3o este ano.<\/p>\n\n\n\n<p>O ex-prefeito, que foi o mais jovem j\u00e1 eleito em Coari, afirmou que se sente na obriga\u00e7\u00e3o de ter um contato com p\u00fablico mais novo e que usa suas redes sociais para estabelecer uma conex\u00e3o com a juventude atrav\u00e9s de posts interativos.<\/p>\n\n\n\n<p>\u201cDesde sempre a juventude brasileira marcou a hist\u00f3ria do pa\u00eds. Eu mesmo comecei muito cedo na pol\u00edtica e procurei criar programas para os jovens do munic\u00edpio de Coari. Demos incentivo ao esporte, a educa\u00e7\u00e3o e at\u00e9 capacita\u00e7\u00e3o de jovens adultos para o mercado de trabalho\u201d, conta Adail, que prosseguiu:<\/p>\n\n\n\n<p>\u201cA juventude n\u00e3o \u00e9 apenas nosso futuro. Ela \u00e9 o presente tamb\u00e9m. Temos que incentivar, dar condi\u00e7\u00f5es e lutar por nossos jovens\u201d.<\/p>\n\n\n\n<figure class=\"wp-block-image\"><img decoding=\"async\" src=\"https:\/\/portaldojj.com.br\/wp-content\/uploads\/2022\/03\/WhatsApp-Image-2022-03-28-at-12.49.29-1-1200x800.jpeg\" alt=\"\" class=\"wp-image-10434\"\/><\/figure>\n\n\n\n<p>Data para emiss\u00e3o do t\u00edtulo<\/p>\n\n\n\n<p>O brasileiro que ainda n\u00e3o possui o documento, tem at\u00e9 o dia 4 de maio para emiss\u00e3o da 1a via do t\u00edtulo de eleitor. O prazo tamb\u00e9m \u00e9 o mesmo para quem tem pend\u00eancias com a justi\u00e7a eleitoral e precisa regularizar a situa\u00e7\u00e3o de seu&nbsp;t\u00edtulo. Ap\u00f3s essa data, n\u00e3o haver\u00e1 possibilidade de emiss\u00e3o do documento e, para quem ainda tiver pend\u00eancias na Justi\u00e7a Eleitoral, a pessoa ficar\u00e1 impedida de votar nas elei\u00e7\u00f5es deste ano, que definir\u00e3o os cargos de presidente da Rep\u00fablica, governadores, senadores, deputados federais e deputados estaduais.<\/p>\n","protected":false},"excerpt":{"rendered":"<p>O pr\u00e9-candidato a deputado federal, Adail Filho, refor\u00e7ou a import\u00e2ncia dos jovens tirarem o t\u00edtulo&#8230;<\/p>\n","protected":false},"author":5,"featured_media":958,"comment_status":"open","ping_status":"open","sticky":false,"template":"","format":"standard","meta":{"footnotes":""},"categories":[49],"tags":[150,152,151],"class_list":["post-957","post","type-post","status-publish","format-standard","has-post-thumbnail","hentry","category-destaques","tag-adail-filho","tag-eleicoes","tag-titulo"],"yoast_head":"<!-- This site is optimized with the Yoast SEO plugin v24.4 - https:\/\/yoast.com\/wordpress\/plugins\/seo\/ -->\n<title>Adail Filho refor\u00e7a a import\u00e2ncia da juventude exercer a democracia - Not\u00edcias de Todos - Models01<\/title>\n<meta name=\"robots\" content=\"index, follow, max-snippet:-1, max-image-preview:large, max-video-preview:-1\" \/>\n<link rel=\"canonical\" href=\"https:\/\/markd.com.br\/models\/adail-filho-reforca-a-importancia-da-juventude-exercer-a-democracia\/\" \/>\n<meta property=\"og:locale\" content=\"pt_BR\" \/>\n<meta property=\"og:type\" content=\"article\" \/>\n<meta property=\"og:title\" content=\"Adail Filho refor\u00e7a a import\u00e2ncia da juventude exercer a democracia - Not\u00edcias de Todos - Models01\" \/>\n<meta property=\"og:description\" content=\"O pr\u00e9-candidato a deputado federal, Adail Filho, refor\u00e7ou a import\u00e2ncia dos jovens tirarem o t\u00edtulo...\" \/>\n<meta property=\"og:url\" content=\"https:\/\/markd.com.br\/models\/adail-filho-reforca-a-importancia-da-juventude-exercer-a-democracia\/\" \/>\n<meta property=\"og:site_name\" content=\"Not\u00edcias de Todos - Models01\" \/>\n<meta property=\"article:published_time\" content=\"2022-03-28T20:00:46+00:00\" \/>\n<meta property=\"article:modified_time\" content=\"2022-03-28T20:00:49+00:00\" \/>\n<meta property=\"og:image\" content=\"https:\/\/markd.com.br\/models\/wp-content\/uploads\/2022\/03\/WhatsApp-Image-2022-03-28-at-12.49.29-800x445-1-1.jpeg\" \/>\n\t<meta property=\"og:image:width\" content=\"640\" \/>\n\t<meta property=\"og:image:height\" content=\"356\" \/>\n\t<meta property=\"og:image:type\" content=\"image\/jpeg\" \/>\n<meta name=\"author\" content=\"Reda\u00e7\u00e3o Reda\u00e7\u00e3o\" \/>\n<meta name=\"twitter:card\" content=\"summary_large_image\" \/>\n<meta name=\"twitter:label1\" content=\"Escrito por\" \/>\n\t<meta name=\"twitter:data1\" content=\"Reda\u00e7\u00e3o Reda\u00e7\u00e3o\" \/>\n\t<meta name=\"twitter:label2\" content=\"Est. tempo de leitura\" \/>\n\t<meta name=\"twitter:data2\" content=\"2 minutos\" \/>\n<script type=\"application\/ld+json\" class=\"yoast-schema-graph\">{\"@context\":\"https:\/\/schema.org\",\"@graph\":[{\"@type\":\"WebPage\",\"@id\":\"https:\/\/markd.com.br\/models\/adail-filho-reforca-a-importancia-da-juventude-exercer-a-democracia\/\",\"url\":\"https:\/\/markd.com.br\/models\/adail-filho-reforca-a-importancia-da-juventude-exercer-a-democracia\/\",\"name\":\"Adail Filho refor\u00e7a a import\u00e2ncia da juventude exercer a democracia - Not\u00edcias de Todos - Models01\",\"isPartOf\":{\"@id\":\"https:\/\/markd.com.br\/models\/#website\"},\"primaryImageOfPage\":{\"@id\":\"https:\/\/markd.com.br\/models\/adail-filho-reforca-a-importancia-da-juventude-exercer-a-democracia\/#primaryimage\"},\"image\":{\"@id\":\"https:\/\/markd.com.br\/models\/adail-filho-reforca-a-importancia-da-juventude-exercer-a-democracia\/#primaryimage\"},\"thumbnailUrl\":\"https:\/\/markd.com.br\/models\/wp-content\/uploads\/2022\/03\/WhatsApp-Image-2022-03-28-at-12.49.29-800x445-1-1.jpeg\",\"datePublished\":\"2022-03-28T20:00:46+00:00\",\"dateModified\":\"2022-03-28T20:00:49+00:00\",\"author\":{\"@id\":\"https:\/\/markd.com.br\/models\/#\/schema\/person\/c12a77ab487a7262d8bec3c47301ad37\"},\"breadcrumb\":{\"@id\":\"https:\/\/markd.com.br\/models\/adail-filho-reforca-a-importancia-da-juventude-exercer-a-democracia\/#breadcrumb\"},\"inLanguage\":\"pt-BR\",\"potentialAction\":[{\"@type\":\"ReadAction\",\"target\":[\"https:\/\/markd.com.br\/models\/adail-filho-reforca-a-importancia-da-juventude-exercer-a-democracia\/\"]}]},{\"@type\":\"ImageObject\",\"inLanguage\":\"pt-BR\",\"@id\":\"https:\/\/markd.com.br\/models\/adail-filho-reforca-a-importancia-da-juventude-exercer-a-democracia\/#primaryimage\",\"url\":\"https:\/\/markd.com.br\/models\/wp-content\/uploads\/2022\/03\/WhatsApp-Image-2022-03-28-at-12.49.29-800x445-1-1.jpeg\",\"contentUrl\":\"https:\/\/markd.com.br\/models\/wp-content\/uploads\/2022\/03\/WhatsApp-Image-2022-03-28-at-12.49.29-800x445-1-1.jpeg\",\"width\":640,\"height\":356},{\"@type\":\"BreadcrumbList\",\"@id\":\"https:\/\/markd.com.br\/models\/adail-filho-reforca-a-importancia-da-juventude-exercer-a-democracia\/#breadcrumb\",\"itemListElement\":[{\"@type\":\"ListItem\",\"position\":1,\"name\":\"In\u00edcio\",\"item\":\"https:\/\/markd.com.br\/models\/\"},{\"@type\":\"ListItem\",\"position\":2,\"name\":\"Adail Filho refor\u00e7a a import\u00e2ncia da juventude exercer a democracia\"}]},{\"@type\":\"WebSite\",\"@id\":\"https:\/\/markd.com.br\/models\/#website\",\"url\":\"https:\/\/markd.com.br\/models\/\",\"name\":\"Not\u00edcias de Todos - Models01\",\"description\":\"Tenha um Portal de Not\u00edcias Moderno, Din\u00e2mico, R\u00e1pido e Profissional. Entregamos seu Site de  Not\u00edcias Pronto, Instalado, Hospedado, com Manual Passo a Passo e Suporte 24 horas.\",\"potentialAction\":[{\"@type\":\"SearchAction\",\"target\":{\"@type\":\"EntryPoint\",\"urlTemplate\":\"https:\/\/markd.com.br\/models\/?s={search_term_string}\"},\"query-input\":{\"@type\":\"PropertyValueSpecification\",\"valueRequired\":true,\"valueName\":\"search_term_string\"}}],\"inLanguage\":\"pt-BR\"},{\"@type\":\"Person\",\"@id\":\"https:\/\/markd.com.br\/models\/#\/schema\/person\/c12a77ab487a7262d8bec3c47301ad37\",\"name\":\"Reda\u00e7\u00e3o Reda\u00e7\u00e3o\",\"image\":{\"@type\":\"ImageObject\",\"inLanguage\":\"pt-BR\",\"@id\":\"https:\/\/markd.com.br\/models\/#\/schema\/person\/image\/\",\"url\":\"https:\/\/secure.gravatar.com\/avatar\/9448f3599ce269febf169e183039b4a6?s=96&d=mm&r=g\",\"contentUrl\":\"https:\/\/secure.gravatar.com\/avatar\/9448f3599ce269febf169e183039b4a6?s=96&d=mm&r=g\",\"caption\":\"Reda\u00e7\u00e3o Reda\u00e7\u00e3o\"},\"sameAs\":[\"https:\/\/markd.com.br\/\"],\"url\":\"https:\/\/markd.com.br\/models\/author\/redacao\/\"}]}<\/script>\n<!-- \/ Yoast SEO plugin. -->","yoast_head_json":{"title":"Adail Filho refor\u00e7a a import\u00e2ncia da juventude exercer a democracia - Not\u00edcias de Todos - Models01","robots":{"index":"index","follow":"follow","max-snippet":"max-snippet:-1","max-image-preview":"max-image-preview:large","max-video-preview":"max-video-preview:-1"},"canonical":"https:\/\/markd.com.br\/models\/adail-filho-reforca-a-importancia-da-juventude-exercer-a-democracia\/","og_locale":"pt_BR","og_type":"article","og_title":"Adail Filho refor\u00e7a a import\u00e2ncia da juventude exercer a democracia - Not\u00edcias de Todos - Models01","og_description":"O pr\u00e9-candidato a deputado federal, Adail Filho, refor\u00e7ou a import\u00e2ncia dos jovens tirarem o t\u00edtulo...","og_url":"https:\/\/markd.com.br\/models\/adail-filho-reforca-a-importancia-da-juventude-exercer-a-democracia\/","og_site_name":"Not\u00edcias de Todos - Models01","article_published_time":"2022-03-28T20:00:46+00:00","article_modified_time":"2022-03-28T20:00:49+00:00","og_image":[{"width":640,"height":356,"url":"https:\/\/markd.com.br\/models\/wp-content\/uploads\/2022\/03\/WhatsApp-Image-2022-03-28-at-12.49.29-800x445-1-1.jpeg","type":"image\/jpeg"}],"author":"Reda\u00e7\u00e3o Reda\u00e7\u00e3o","twitter_card":"summary_large_image","twitter_misc":{"Escrito por":"Reda\u00e7\u00e3o Reda\u00e7\u00e3o","Est. tempo de leitura":"2 minutos"},"schema":{"@context":"https:\/\/schema.org","@graph":[{"@type":"WebPage","@id":"https:\/\/markd.com.br\/models\/adail-filho-reforca-a-importancia-da-juventude-exercer-a-democracia\/","url":"https:\/\/markd.com.br\/models\/adail-filho-reforca-a-importancia-da-juventude-exercer-a-democracia\/","name":"Adail Filho refor\u00e7a a import\u00e2ncia da juventude exercer a democracia - Not\u00edcias de Todos - Models01","isPartOf":{"@id":"https:\/\/markd.com.br\/models\/#website"},"primaryImageOfPage":{"@id":"https:\/\/markd.com.br\/models\/adail-filho-reforca-a-importancia-da-juventude-exercer-a-democracia\/#primaryimage"},"image":{"@id":"https:\/\/markd.com.br\/models\/adail-filho-reforca-a-importancia-da-juventude-exercer-a-democracia\/#primaryimage"},"thumbnailUrl":"https:\/\/markd.com.br\/models\/wp-content\/uploads\/2022\/03\/WhatsApp-Image-2022-03-28-at-12.49.29-800x445-1-1.jpeg","datePublished":"2022-03-28T20:00:46+00:00","dateModified":"2022-03-28T20:00:49+00:00","author":{"@id":"https:\/\/markd.com.br\/models\/#\/schema\/person\/c12a77ab487a7262d8bec3c47301ad37"},"breadcrumb":{"@id":"https:\/\/markd.com.br\/models\/adail-filho-reforca-a-importancia-da-juventude-exercer-a-democracia\/#breadcrumb"},"inLanguage":"pt-BR","potentialAction":[{"@type":"ReadAction","target":["https:\/\/markd.com.br\/models\/adail-filho-reforca-a-importancia-da-juventude-exercer-a-democracia\/"]}]},{"@type":"ImageObject","inLanguage":"pt-BR","@id":"https:\/\/markd.com.br\/models\/adail-filho-reforca-a-importancia-da-juventude-exercer-a-democracia\/#primaryimage","url":"https:\/\/markd.com.br\/models\/wp-content\/uploads\/2022\/03\/WhatsApp-Image-2022-03-28-at-12.49.29-800x445-1-1.jpeg","contentUrl":"https:\/\/markd.com.br\/models\/wp-content\/uploads\/2022\/03\/WhatsApp-Image-2022-03-28-at-12.49.29-800x445-1-1.jpeg","width":640,"height":356},{"@type":"BreadcrumbList","@id":"https:\/\/markd.com.br\/models\/adail-filho-reforca-a-importancia-da-juventude-exercer-a-democracia\/#breadcrumb","itemListElement":[{"@type":"ListItem","position":1,"name":"In\u00edcio","item":"https:\/\/markd.com.br\/models\/"},{"@type":"ListItem","position":2,"name":"Adail Filho refor\u00e7a a import\u00e2ncia da juventude exercer a democracia"}]},{"@type":"WebSite","@id":"https:\/\/markd.com.br\/models\/#website","url":"https:\/\/markd.com.br\/models\/","name":"Not\u00edcias de Todos - Models01","description":"Tenha um Portal de Not\u00edcias Moderno, Din\u00e2mico, R\u00e1pido e Profissional. Entregamos seu Site de  Not\u00edcias Pronto, Instalado, Hospedado, com Manual Passo a Passo e Suporte 24 horas.","potentialAction":[{"@type":"SearchAction","target":{"@type":"EntryPoint","urlTemplate":"https:\/\/markd.com.br\/models\/?s={search_term_string}"},"query-input":{"@type":"PropertyValueSpecification","valueRequired":true,"valueName":"search_term_string"}}],"inLanguage":"pt-BR"},{"@type":"Person","@id":"https:\/\/markd.com.br\/models\/#\/schema\/person\/c12a77ab487a7262d8bec3c47301ad37","name":"Reda\u00e7\u00e3o Reda\u00e7\u00e3o","image":{"@type":"ImageObject","inLanguage":"pt-BR","@id":"https:\/\/markd.com.br\/models\/#\/schema\/person\/image\/","url":"https:\/\/secure.gravatar.com\/avatar\/9448f3599ce269febf169e183039b4a6?s=96&d=mm&r=g","contentUrl":"https:\/\/secure.gravatar.com\/avatar\/9448f3599ce269febf169e183039b4a6?s=96&d=mm&r=g","caption":"Reda\u00e7\u00e3o Reda\u00e7\u00e3o"},"sameAs":["https:\/\/markd.com.br\/"],"url":"https:\/\/markd.com.br\/models\/author\/redacao\/"}]}},"featured_image_urls":{"full":["https:\/\/markd.com.br\/models\/wp-content\/uploads\/2022\/03\/WhatsApp-Image-2022-03-28-at-12.49.29-800x445-1-1.jpeg",640,356,false],"thumbnail":["https:\/\/markd.com.br\/models\/wp-content\/uploads\/2022\/03\/WhatsApp-Image-2022-03-28-at-12.49.29-800x445-1-1-150x150.jpeg",150,150,true],"medium":["https:\/\/markd.com.br\/models\/wp-content\/uploads\/2022\/03\/WhatsApp-Image-2022-03-28-at-12.49.29-800x445-1-1-300x167.jpeg",300,167,true],"medium_large":["https:\/\/markd.com.br\/models\/wp-content\/uploads\/2022\/03\/WhatsApp-Image-2022-03-28-at-12.49.29-800x445-1-1.jpeg",640,356,false],"large":["https:\/\/markd.com.br\/models\/wp-content\/uploads\/2022\/03\/WhatsApp-Image-2022-03-28-at-12.49.29-800x445-1-1.jpeg",640,356,false],"1536x1536":["https:\/\/markd.com.br\/models\/wp-content\/uploads\/2022\/03\/WhatsApp-Image-2022-03-28-at-12.49.29-800x445-1-1.jpeg",640,356,false],"2048x2048":["https:\/\/markd.com.br\/models\/wp-content\/uploads\/2022\/03\/WhatsApp-Image-2022-03-28-at-12.49.29-800x445-1-1.jpeg",640,356,false],"newsphere-slider-full":["https:\/\/markd.com.br\/models\/wp-content\/uploads\/2022\/03\/WhatsApp-Image-2022-03-28-at-12.49.29-800x445-1-1.jpeg",640,356,false],"newsphere-featured":["https:\/\/markd.com.br\/models\/wp-content\/uploads\/2022\/03\/WhatsApp-Image-2022-03-28-at-12.49.29-800x445-1-1.jpeg",640,356,false],"newsphere-medium":["https:\/\/markd.com.br\/models\/wp-content\/uploads\/2022\/03\/WhatsApp-Image-2022-03-28-at-12.49.29-800x445-1-1.jpeg",640,356,false]},"author_info":{"display_name":"Reda\u00e7\u00e3o Reda\u00e7\u00e3o","author_link":"https:\/\/markd.com.br\/models\/author\/redacao\/"},"category_info":"<a href=\"https:\/\/markd.com.br\/models\/category\/destaques\/\" rel=\"category tag\">destaques<\/a>","tag_info":"destaques","comment_count":"0","jetpack_featured_media_url":"https:\/\/markd.com.br\/models\/wp-content\/uploads\/2022\/03\/WhatsApp-Image-2022-03-28-at-12.49.29-800x445-1-1.jpeg","_links":{"self":[{"href":"https:\/\/markd.com.br\/models\/wp-json\/wp\/v2\/posts\/957","targetHints":{"allow":["GET"]}}],"collection":[{"href":"https:\/\/markd.com.br\/models\/wp-json\/wp\/v2\/posts"}],"about":[{"href":"https:\/\/markd.com.br\/models\/wp-json\/wp\/v2\/types\/post"}],"author":[{"embeddable":true,"href":"https:\/\/markd.com.br\/models\/wp-json\/wp\/v2\/users\/5"}],"replies":[{"embeddable":true,"href":"https:\/\/markd.com.br\/models\/wp-json\/wp\/v2\/comments?post=957"}],"version-history":[{"count":1,"href":"https:\/\/markd.com.br\/models\/wp-json\/wp\/v2\/posts\/957\/revisions"}],"predecessor-version":[{"id":959,"href":"https:\/\/markd.com.br\/models\/wp-json\/wp\/v2\/posts\/957\/revisions\/959"}],"wp:featuredmedia":[{"embeddable":true,"href":"https:\/\/markd.com.br\/models\/wp-json\/wp\/v2\/media\/958"}],"wp:attachment":[{"href":"https:\/\/markd.com.br\/models\/wp-json\/wp\/v2\/media?parent=957"}],"wp:term":[{"taxonomy":"category","embeddable":true,"href":"https:\/\/markd.com.br\/models\/wp-json\/wp\/v2\/categories?post=957"},{"taxonomy":"post_tag","embeddable":true,"href":"https:\/\/markd.com.br\/models\/wp-json\/wp\/v2\/tags?post=957"}],"curies":[{"name":"wp","href":"https:\/\/api.w.org\/{rel}","templated":true}]}}