{"id":960,"date":"2022-03-28T17:11:34","date_gmt":"2022-03-28T20:11:34","guid":{"rendered":"https:\/\/portaldestaquenoticias.com.br\/?p=960"},"modified":"2022-03-28T17:11:39","modified_gmt":"2022-03-28T20:11:39","slug":"jovem-e-morto-a-tiros-no-momento-em-que-andava-na-rua-no-bairro-compensa","status":"publish","type":"post","link":"https:\/\/markd.com.br\/models\/jovem-e-morto-a-tiros-no-momento-em-que-andava-na-rua-no-bairro-compensa\/","title":{"rendered":"Jovem \u00e9 morto a tiros no momento em que andava na rua, no bairro Compensa"},"content":{"rendered":"\n<p><\/p>\n\n\n\n<p>Na tarde deste domingo, 27\/03, um jovem identificado como Anderson Queiroz dos Santos, 23 anos foi executado a tiros na rua do Porto, no bairro Compensa, zona Oeste de Manaus.<\/p>\n\n\n\n<p>De acordo com a pol\u00edcia, o jovem estava andando na rua quando foi surpreendido por ocupantes de um carro misterioso e alvejado.<\/p>\n\n\n\n<p>O jovem n\u00e3o resistiu aos ferimentos e morreu no local. Os suspeitos fugiram para rumo desconhecido ap\u00f3s o crime.<\/p>\n\n\n\n<p>A delegacia especializada em homic\u00eddios e sequestros \u2013 DEHS, deve investigar o caso.<\/p>\n\n\n\n<p><\/p>\n\n\n\n<p><\/p>\n","protected":false},"excerpt":{"rendered":"<p>Na tarde deste domingo, 27\/03, um jovem identificado como Anderson Queiroz dos Santos, 23 anos&#8230;<\/p>\n","protected":false},"author":5,"featured_media":961,"comment_status":"open","ping_status":"open","sticky":false,"template":"","format":"standard","meta":{"footnotes":""},"categories":[34],"tags":[91,153,72],"class_list":["post-960","post","type-post","status-publish","format-standard","has-post-thumbnail","hentry","category-musica","tag-assassinato","tag-dehs","tag-morte"],"yoast_head":"<!-- This site is optimized with the Yoast SEO plugin v24.4 - https:\/\/yoast.com\/wordpress\/plugins\/seo\/ -->\n<title>Jovem \u00e9 morto a tiros no momento em que andava na rua, no bairro Compensa - Not\u00edcias de Todos - Models01<\/title>\n<meta name=\"robots\" content=\"index, follow, max-snippet:-1, max-image-preview:large, max-video-preview:-1\" \/>\n<link rel=\"canonical\" href=\"https:\/\/markd.com.br\/models\/jovem-e-morto-a-tiros-no-momento-em-que-andava-na-rua-no-bairro-compensa\/\" \/>\n<meta property=\"og:locale\" content=\"pt_BR\" \/>\n<meta property=\"og:type\" content=\"article\" \/>\n<meta property=\"og:title\" content=\"Jovem \u00e9 morto a tiros no momento em que andava na rua, no bairro Compensa - Not\u00edcias de Todos - Models01\" \/>\n<meta property=\"og:description\" content=\"Na tarde deste domingo, 27\/03, um jovem identificado como Anderson Queiroz dos Santos, 23 anos...\" \/>\n<meta property=\"og:url\" content=\"https:\/\/markd.com.br\/models\/jovem-e-morto-a-tiros-no-momento-em-que-andava-na-rua-no-bairro-compensa\/\" \/>\n<meta property=\"og:site_name\" content=\"Not\u00edcias de Todos - Models01\" \/>\n<meta property=\"article:published_time\" content=\"2022-03-28T20:11:34+00:00\" \/>\n<meta property=\"article:modified_time\" content=\"2022-03-28T20:11:39+00:00\" \/>\n<meta property=\"og:image\" content=\"https:\/\/markd.com.br\/models\/wp-content\/uploads\/2022\/03\/WhatsApp-Image-2022-03-27-at-144310-720x480-1.jpeg\" \/>\n\t<meta property=\"og:image:width\" content=\"640\" \/>\n\t<meta property=\"og:image:height\" content=\"427\" \/>\n\t<meta property=\"og:image:type\" content=\"image\/jpeg\" \/>\n<meta name=\"author\" content=\"Reda\u00e7\u00e3o Reda\u00e7\u00e3o\" \/>\n<meta name=\"twitter:card\" content=\"summary_large_image\" \/>\n<meta name=\"twitter:label1\" content=\"Escrito por\" \/>\n\t<meta name=\"twitter:data1\" content=\"Reda\u00e7\u00e3o Reda\u00e7\u00e3o\" \/>\n\t<meta name=\"twitter:label2\" content=\"Est. tempo de leitura\" \/>\n\t<meta name=\"twitter:data2\" content=\"1 minuto\" \/>\n<script type=\"application\/ld+json\" class=\"yoast-schema-graph\">{\"@context\":\"https:\/\/schema.org\",\"@graph\":[{\"@type\":\"WebPage\",\"@id\":\"https:\/\/markd.com.br\/models\/jovem-e-morto-a-tiros-no-momento-em-que-andava-na-rua-no-bairro-compensa\/\",\"url\":\"https:\/\/markd.com.br\/models\/jovem-e-morto-a-tiros-no-momento-em-que-andava-na-rua-no-bairro-compensa\/\",\"name\":\"Jovem \u00e9 morto a tiros no momento em que andava na rua, no bairro Compensa - Not\u00edcias de Todos - Models01\",\"isPartOf\":{\"@id\":\"https:\/\/markd.com.br\/models\/#website\"},\"primaryImageOfPage\":{\"@id\":\"https:\/\/markd.com.br\/models\/jovem-e-morto-a-tiros-no-momento-em-que-andava-na-rua-no-bairro-compensa\/#primaryimage\"},\"image\":{\"@id\":\"https:\/\/markd.com.br\/models\/jovem-e-morto-a-tiros-no-momento-em-que-andava-na-rua-no-bairro-compensa\/#primaryimage\"},\"thumbnailUrl\":\"https:\/\/markd.com.br\/models\/wp-content\/uploads\/2022\/03\/WhatsApp-Image-2022-03-27-at-144310-720x480-1.jpeg\",\"datePublished\":\"2022-03-28T20:11:34+00:00\",\"dateModified\":\"2022-03-28T20:11:39+00:00\",\"author\":{\"@id\":\"https:\/\/markd.com.br\/models\/#\/schema\/person\/c12a77ab487a7262d8bec3c47301ad37\"},\"breadcrumb\":{\"@id\":\"https:\/\/markd.com.br\/models\/jovem-e-morto-a-tiros-no-momento-em-que-andava-na-rua-no-bairro-compensa\/#breadcrumb\"},\"inLanguage\":\"pt-BR\",\"potentialAction\":[{\"@type\":\"ReadAction\",\"target\":[\"https:\/\/markd.com.br\/models\/jovem-e-morto-a-tiros-no-momento-em-que-andava-na-rua-no-bairro-compensa\/\"]}]},{\"@type\":\"ImageObject\",\"inLanguage\":\"pt-BR\",\"@id\":\"https:\/\/markd.com.br\/models\/jovem-e-morto-a-tiros-no-momento-em-que-andava-na-rua-no-bairro-compensa\/#primaryimage\",\"url\":\"https:\/\/markd.com.br\/models\/wp-content\/uploads\/2022\/03\/WhatsApp-Image-2022-03-27-at-144310-720x480-1.jpeg\",\"contentUrl\":\"https:\/\/markd.com.br\/models\/wp-content\/uploads\/2022\/03\/WhatsApp-Image-2022-03-27-at-144310-720x480-1.jpeg\",\"width\":640,\"height\":427},{\"@type\":\"BreadcrumbList\",\"@id\":\"https:\/\/markd.com.br\/models\/jovem-e-morto-a-tiros-no-momento-em-que-andava-na-rua-no-bairro-compensa\/#breadcrumb\",\"itemListElement\":[{\"@type\":\"ListItem\",\"position\":1,\"name\":\"In\u00edcio\",\"item\":\"https:\/\/markd.com.br\/models\/\"},{\"@type\":\"ListItem\",\"position\":2,\"name\":\"Jovem \u00e9 morto a tiros no momento em que andava na rua, no bairro Compensa\"}]},{\"@type\":\"WebSite\",\"@id\":\"https:\/\/markd.com.br\/models\/#website\",\"url\":\"https:\/\/markd.com.br\/models\/\",\"name\":\"Not\u00edcias de Todos - Models01\",\"description\":\"Tenha um Portal de Not\u00edcias Moderno, Din\u00e2mico, R\u00e1pido e Profissional. Entregamos seu Site de  Not\u00edcias Pronto, Instalado, Hospedado, com Manual Passo a Passo e Suporte 24 horas.\",\"potentialAction\":[{\"@type\":\"SearchAction\",\"target\":{\"@type\":\"EntryPoint\",\"urlTemplate\":\"https:\/\/markd.com.br\/models\/?s={search_term_string}\"},\"query-input\":{\"@type\":\"PropertyValueSpecification\",\"valueRequired\":true,\"valueName\":\"search_term_string\"}}],\"inLanguage\":\"pt-BR\"},{\"@type\":\"Person\",\"@id\":\"https:\/\/markd.com.br\/models\/#\/schema\/person\/c12a77ab487a7262d8bec3c47301ad37\",\"name\":\"Reda\u00e7\u00e3o Reda\u00e7\u00e3o\",\"image\":{\"@type\":\"ImageObject\",\"inLanguage\":\"pt-BR\",\"@id\":\"https:\/\/markd.com.br\/models\/#\/schema\/person\/image\/\",\"url\":\"https:\/\/secure.gravatar.com\/avatar\/9448f3599ce269febf169e183039b4a6?s=96&d=mm&r=g\",\"contentUrl\":\"https:\/\/secure.gravatar.com\/avatar\/9448f3599ce269febf169e183039b4a6?s=96&d=mm&r=g\",\"caption\":\"Reda\u00e7\u00e3o Reda\u00e7\u00e3o\"},\"sameAs\":[\"https:\/\/markd.com.br\/\"],\"url\":\"https:\/\/markd.com.br\/models\/author\/redacao\/\"}]}<\/script>\n<!-- \/ Yoast SEO plugin. -->","yoast_head_json":{"title":"Jovem \u00e9 morto a tiros no momento em que andava na rua, no bairro Compensa - Not\u00edcias de Todos - Models01","robots":{"index":"index","follow":"follow","max-snippet":"max-snippet:-1","max-image-preview":"max-image-preview:large","max-video-preview":"max-video-preview:-1"},"canonical":"https:\/\/markd.com.br\/models\/jovem-e-morto-a-tiros-no-momento-em-que-andava-na-rua-no-bairro-compensa\/","og_locale":"pt_BR","og_type":"article","og_title":"Jovem \u00e9 morto a tiros no momento em que andava na rua, no bairro Compensa - Not\u00edcias de Todos - Models01","og_description":"Na tarde deste domingo, 27\/03, um jovem identificado como Anderson Queiroz dos Santos, 23 anos...","og_url":"https:\/\/markd.com.br\/models\/jovem-e-morto-a-tiros-no-momento-em-que-andava-na-rua-no-bairro-compensa\/","og_site_name":"Not\u00edcias de Todos - Models01","article_published_time":"2022-03-28T20:11:34+00:00","article_modified_time":"2022-03-28T20:11:39+00:00","og_image":[{"width":640,"height":427,"url":"https:\/\/markd.com.br\/models\/wp-content\/uploads\/2022\/03\/WhatsApp-Image-2022-03-27-at-144310-720x480-1.jpeg","type":"image\/jpeg"}],"author":"Reda\u00e7\u00e3o Reda\u00e7\u00e3o","twitter_card":"summary_large_image","twitter_misc":{"Escrito por":"Reda\u00e7\u00e3o Reda\u00e7\u00e3o","Est. tempo de leitura":"1 minuto"},"schema":{"@context":"https:\/\/schema.org","@graph":[{"@type":"WebPage","@id":"https:\/\/markd.com.br\/models\/jovem-e-morto-a-tiros-no-momento-em-que-andava-na-rua-no-bairro-compensa\/","url":"https:\/\/markd.com.br\/models\/jovem-e-morto-a-tiros-no-momento-em-que-andava-na-rua-no-bairro-compensa\/","name":"Jovem \u00e9 morto a tiros no momento em que andava na rua, no bairro Compensa - Not\u00edcias de Todos - Models01","isPartOf":{"@id":"https:\/\/markd.com.br\/models\/#website"},"primaryImageOfPage":{"@id":"https:\/\/markd.com.br\/models\/jovem-e-morto-a-tiros-no-momento-em-que-andava-na-rua-no-bairro-compensa\/#primaryimage"},"image":{"@id":"https:\/\/markd.com.br\/models\/jovem-e-morto-a-tiros-no-momento-em-que-andava-na-rua-no-bairro-compensa\/#primaryimage"},"thumbnailUrl":"https:\/\/markd.com.br\/models\/wp-content\/uploads\/2022\/03\/WhatsApp-Image-2022-03-27-at-144310-720x480-1.jpeg","datePublished":"2022-03-28T20:11:34+00:00","dateModified":"2022-03-28T20:11:39+00:00","author":{"@id":"https:\/\/markd.com.br\/models\/#\/schema\/person\/c12a77ab487a7262d8bec3c47301ad37"},"breadcrumb":{"@id":"https:\/\/markd.com.br\/models\/jovem-e-morto-a-tiros-no-momento-em-que-andava-na-rua-no-bairro-compensa\/#breadcrumb"},"inLanguage":"pt-BR","potentialAction":[{"@type":"ReadAction","target":["https:\/\/markd.com.br\/models\/jovem-e-morto-a-tiros-no-momento-em-que-andava-na-rua-no-bairro-compensa\/"]}]},{"@type":"ImageObject","inLanguage":"pt-BR","@id":"https:\/\/markd.com.br\/models\/jovem-e-morto-a-tiros-no-momento-em-que-andava-na-rua-no-bairro-compensa\/#primaryimage","url":"https:\/\/markd.com.br\/models\/wp-content\/uploads\/2022\/03\/WhatsApp-Image-2022-03-27-at-144310-720x480-1.jpeg","contentUrl":"https:\/\/markd.com.br\/models\/wp-content\/uploads\/2022\/03\/WhatsApp-Image-2022-03-27-at-144310-720x480-1.jpeg","width":640,"height":427},{"@type":"BreadcrumbList","@id":"https:\/\/markd.com.br\/models\/jovem-e-morto-a-tiros-no-momento-em-que-andava-na-rua-no-bairro-compensa\/#breadcrumb","itemListElement":[{"@type":"ListItem","position":1,"name":"In\u00edcio","item":"https:\/\/markd.com.br\/models\/"},{"@type":"ListItem","position":2,"name":"Jovem \u00e9 morto a tiros no momento em que andava na rua, no bairro Compensa"}]},{"@type":"WebSite","@id":"https:\/\/markd.com.br\/models\/#website","url":"https:\/\/markd.com.br\/models\/","name":"Not\u00edcias de Todos - Models01","description":"Tenha um Portal de Not\u00edcias Moderno, Din\u00e2mico, R\u00e1pido e Profissional. Entregamos seu Site de  Not\u00edcias Pronto, Instalado, Hospedado, com Manual Passo a Passo e Suporte 24 horas.","potentialAction":[{"@type":"SearchAction","target":{"@type":"EntryPoint","urlTemplate":"https:\/\/markd.com.br\/models\/?s={search_term_string}"},"query-input":{"@type":"PropertyValueSpecification","valueRequired":true,"valueName":"search_term_string"}}],"inLanguage":"pt-BR"},{"@type":"Person","@id":"https:\/\/markd.com.br\/models\/#\/schema\/person\/c12a77ab487a7262d8bec3c47301ad37","name":"Reda\u00e7\u00e3o Reda\u00e7\u00e3o","image":{"@type":"ImageObject","inLanguage":"pt-BR","@id":"https:\/\/markd.com.br\/models\/#\/schema\/person\/image\/","url":"https:\/\/secure.gravatar.com\/avatar\/9448f3599ce269febf169e183039b4a6?s=96&d=mm&r=g","contentUrl":"https:\/\/secure.gravatar.com\/avatar\/9448f3599ce269febf169e183039b4a6?s=96&d=mm&r=g","caption":"Reda\u00e7\u00e3o Reda\u00e7\u00e3o"},"sameAs":["https:\/\/markd.com.br\/"],"url":"https:\/\/markd.com.br\/models\/author\/redacao\/"}]}},"featured_image_urls":{"full":["https:\/\/markd.com.br\/models\/wp-content\/uploads\/2022\/03\/WhatsApp-Image-2022-03-27-at-144310-720x480-1.jpeg",640,427,false],"thumbnail":["https:\/\/markd.com.br\/models\/wp-content\/uploads\/2022\/03\/WhatsApp-Image-2022-03-27-at-144310-720x480-1-150x150.jpeg",150,150,true],"medium":["https:\/\/markd.com.br\/models\/wp-content\/uploads\/2022\/03\/WhatsApp-Image-2022-03-27-at-144310-720x480-1-300x200.jpeg",300,200,true],"medium_large":["https:\/\/markd.com.br\/models\/wp-content\/uploads\/2022\/03\/WhatsApp-Image-2022-03-27-at-144310-720x480-1.jpeg",640,427,false],"large":["https:\/\/markd.com.br\/models\/wp-content\/uploads\/2022\/03\/WhatsApp-Image-2022-03-27-at-144310-720x480-1.jpeg",640,427,false],"1536x1536":["https:\/\/markd.com.br\/models\/wp-content\/uploads\/2022\/03\/WhatsApp-Image-2022-03-27-at-144310-720x480-1.jpeg",640,427,false],"2048x2048":["https:\/\/markd.com.br\/models\/wp-content\/uploads\/2022\/03\/WhatsApp-Image-2022-03-27-at-144310-720x480-1.jpeg",640,427,false],"newsphere-slider-full":["https:\/\/markd.com.br\/models\/wp-content\/uploads\/2022\/03\/WhatsApp-Image-2022-03-27-at-144310-720x480-1.jpeg",640,427,false],"newsphere-featured":["https:\/\/markd.com.br\/models\/wp-content\/uploads\/2022\/03\/WhatsApp-Image-2022-03-27-at-144310-720x480-1.jpeg",640,427,false],"newsphere-medium":["https:\/\/markd.com.br\/models\/wp-content\/uploads\/2022\/03\/WhatsApp-Image-2022-03-27-at-144310-720x480-1-640x380.jpeg",640,380,true]},"author_info":{"display_name":"Reda\u00e7\u00e3o Reda\u00e7\u00e3o","author_link":"https:\/\/markd.com.br\/models\/author\/redacao\/"},"category_info":"<a href=\"https:\/\/markd.com.br\/models\/category\/musica\/\" rel=\"category tag\">Pol\u00edcia<\/a>","tag_info":"Pol\u00edcia","comment_count":"0","jetpack_featured_media_url":"https:\/\/markd.com.br\/models\/wp-content\/uploads\/2022\/03\/WhatsApp-Image-2022-03-27-at-144310-720x480-1.jpeg","_links":{"self":[{"href":"https:\/\/markd.com.br\/models\/wp-json\/wp\/v2\/posts\/960","targetHints":{"allow":["GET"]}}],"collection":[{"href":"https:\/\/markd.com.br\/models\/wp-json\/wp\/v2\/posts"}],"about":[{"href":"https:\/\/markd.com.br\/models\/wp-json\/wp\/v2\/types\/post"}],"author":[{"embeddable":true,"href":"https:\/\/markd.com.br\/models\/wp-json\/wp\/v2\/users\/5"}],"replies":[{"embeddable":true,"href":"https:\/\/markd.com.br\/models\/wp-json\/wp\/v2\/comments?post=960"}],"version-history":[{"count":1,"href":"https:\/\/markd.com.br\/models\/wp-json\/wp\/v2\/posts\/960\/revisions"}],"predecessor-version":[{"id":962,"href":"https:\/\/markd.com.br\/models\/wp-json\/wp\/v2\/posts\/960\/revisions\/962"}],"wp:featuredmedia":[{"embeddable":true,"href":"https:\/\/markd.com.br\/models\/wp-json\/wp\/v2\/media\/961"}],"wp:attachment":[{"href":"https:\/\/markd.com.br\/models\/wp-json\/wp\/v2\/media?parent=960"}],"wp:term":[{"taxonomy":"category","embeddable":true,"href":"https:\/\/markd.com.br\/models\/wp-json\/wp\/v2\/categories?post=960"},{"taxonomy":"post_tag","embeddable":true,"href":"https:\/\/markd.com.br\/models\/wp-json\/wp\/v2\/tags?post=960"}],"curies":[{"name":"wp","href":"https:\/\/api.w.org\/{rel}","templated":true}]}}