{"id":963,"date":"2022-03-28T17:14:19","date_gmt":"2022-03-28T20:14:19","guid":{"rendered":"https:\/\/portaldestaquenoticias.com.br\/?p=963"},"modified":"2022-03-28T17:14:26","modified_gmt":"2022-03-28T20:14:26","slug":"detento-e-encontrado-morto-em-calcada-de-comercio-em-manaus","status":"publish","type":"post","link":"https:\/\/markd.com.br\/models\/detento-e-encontrado-morto-em-calcada-de-comercio-em-manaus\/","title":{"rendered":"Detento \u00e9 encontrado morto em cal\u00e7ada de com\u00e9rcio em Manaus"},"content":{"rendered":"\n<p><\/p>\n\n\n\n<p>Um detento do regime semiaberto, n\u00e3o identificado, foi encontrado morto na manh\u00e3 desta segunda-feira (28), na cal\u00e7ada de um com\u00e9rcio, na Avenida dos A\u00e7aizeiros, no bairro Grande Vit\u00f3ria, zona Norte de Manaus.<\/p>\n\n\n\n<p>De acordo com a pol\u00edcia, o indiv\u00edduo teria sofrido agress\u00f5es e foi encontrado por um homem que estava \u00e0 caminho do trabalho.<\/p>\n\n\n\n<p>A princ\u00edpio, ele achava que o desconhecido estava apenas dormindo, mas percebeu que ele n\u00e3o respirava. A pol\u00edcia foi acionada e est\u00e1 no local. O corpo deve passar por per\u00edcia para constatar a causa da morte.<\/p>\n\n\n\n<figure class=\"wp-block-image\"><img decoding=\"async\" src=\"https:\/\/tribunadoam.com\/wp-content\/uploads\/2022\/03\/WhatsApp-Image-2022-03-28-at-09_16_55-300x142.jpeg\" alt=\"\" class=\"wp-image-68213\"\/><\/figure>\n","protected":false},"excerpt":{"rendered":"<p>Um detento do regime semiaberto, n\u00e3o identificado, foi encontrado morto na manh\u00e3 desta segunda-feira (28),&#8230;<\/p>\n","protected":false},"author":5,"featured_media":964,"comment_status":"open","ping_status":"open","sticky":false,"template":"","format":"standard","meta":{"footnotes":""},"categories":[34],"tags":[154,155,40],"class_list":["post-963","post","type-post","status-publish","format-standard","has-post-thumbnail","hentry","category-musica","tag-detento","tag-morto","tag-policia"],"yoast_head":"<!-- This site is optimized with the Yoast SEO plugin v24.4 - https:\/\/yoast.com\/wordpress\/plugins\/seo\/ -->\n<title>Detento \u00e9 encontrado morto em cal\u00e7ada de com\u00e9rcio em Manaus - Not\u00edcias de Todos - Models01<\/title>\n<meta name=\"robots\" content=\"index, follow, max-snippet:-1, max-image-preview:large, max-video-preview:-1\" \/>\n<link rel=\"canonical\" href=\"https:\/\/markd.com.br\/models\/detento-e-encontrado-morto-em-calcada-de-comercio-em-manaus\/\" \/>\n<meta property=\"og:locale\" content=\"pt_BR\" \/>\n<meta property=\"og:type\" content=\"article\" \/>\n<meta property=\"og:title\" content=\"Detento \u00e9 encontrado morto em cal\u00e7ada de com\u00e9rcio em Manaus - Not\u00edcias de Todos - Models01\" \/>\n<meta property=\"og:description\" content=\"Um detento do regime semiaberto, n\u00e3o identificado, foi encontrado morto na manh\u00e3 desta segunda-feira (28),...\" \/>\n<meta property=\"og:url\" content=\"https:\/\/markd.com.br\/models\/detento-e-encontrado-morto-em-calcada-de-comercio-em-manaus\/\" \/>\n<meta property=\"og:site_name\" content=\"Not\u00edcias de Todos - Models01\" \/>\n<meta property=\"article:published_time\" content=\"2022-03-28T20:14:19+00:00\" \/>\n<meta property=\"article:modified_time\" content=\"2022-03-28T20:14:26+00:00\" \/>\n<meta property=\"og:image\" content=\"https:\/\/markd.com.br\/models\/wp-content\/uploads\/2022\/03\/521e3528-110f-455d-ab7b-e7288b7a8ceb-e1648478511967.jpg\" \/>\n\t<meta property=\"og:image:width\" content=\"640\" \/>\n\t<meta property=\"og:image:height\" content=\"333\" \/>\n\t<meta property=\"og:image:type\" content=\"image\/jpeg\" \/>\n<meta name=\"author\" content=\"Reda\u00e7\u00e3o Reda\u00e7\u00e3o\" \/>\n<meta name=\"twitter:card\" content=\"summary_large_image\" \/>\n<meta name=\"twitter:label1\" content=\"Escrito por\" \/>\n\t<meta name=\"twitter:data1\" content=\"Reda\u00e7\u00e3o Reda\u00e7\u00e3o\" \/>\n\t<meta name=\"twitter:label2\" content=\"Est. tempo de leitura\" \/>\n\t<meta name=\"twitter:data2\" content=\"1 minuto\" \/>\n<script type=\"application\/ld+json\" class=\"yoast-schema-graph\">{\"@context\":\"https:\/\/schema.org\",\"@graph\":[{\"@type\":\"WebPage\",\"@id\":\"https:\/\/markd.com.br\/models\/detento-e-encontrado-morto-em-calcada-de-comercio-em-manaus\/\",\"url\":\"https:\/\/markd.com.br\/models\/detento-e-encontrado-morto-em-calcada-de-comercio-em-manaus\/\",\"name\":\"Detento \u00e9 encontrado morto em cal\u00e7ada de com\u00e9rcio em Manaus - Not\u00edcias de Todos - Models01\",\"isPartOf\":{\"@id\":\"https:\/\/markd.com.br\/models\/#website\"},\"primaryImageOfPage\":{\"@id\":\"https:\/\/markd.com.br\/models\/detento-e-encontrado-morto-em-calcada-de-comercio-em-manaus\/#primaryimage\"},\"image\":{\"@id\":\"https:\/\/markd.com.br\/models\/detento-e-encontrado-morto-em-calcada-de-comercio-em-manaus\/#primaryimage\"},\"thumbnailUrl\":\"https:\/\/markd.com.br\/models\/wp-content\/uploads\/2022\/03\/521e3528-110f-455d-ab7b-e7288b7a8ceb-e1648478511967.jpg\",\"datePublished\":\"2022-03-28T20:14:19+00:00\",\"dateModified\":\"2022-03-28T20:14:26+00:00\",\"author\":{\"@id\":\"https:\/\/markd.com.br\/models\/#\/schema\/person\/c12a77ab487a7262d8bec3c47301ad37\"},\"breadcrumb\":{\"@id\":\"https:\/\/markd.com.br\/models\/detento-e-encontrado-morto-em-calcada-de-comercio-em-manaus\/#breadcrumb\"},\"inLanguage\":\"pt-BR\",\"potentialAction\":[{\"@type\":\"ReadAction\",\"target\":[\"https:\/\/markd.com.br\/models\/detento-e-encontrado-morto-em-calcada-de-comercio-em-manaus\/\"]}]},{\"@type\":\"ImageObject\",\"inLanguage\":\"pt-BR\",\"@id\":\"https:\/\/markd.com.br\/models\/detento-e-encontrado-morto-em-calcada-de-comercio-em-manaus\/#primaryimage\",\"url\":\"https:\/\/markd.com.br\/models\/wp-content\/uploads\/2022\/03\/521e3528-110f-455d-ab7b-e7288b7a8ceb-e1648478511967.jpg\",\"contentUrl\":\"https:\/\/markd.com.br\/models\/wp-content\/uploads\/2022\/03\/521e3528-110f-455d-ab7b-e7288b7a8ceb-e1648478511967.jpg\",\"width\":640,\"height\":333},{\"@type\":\"BreadcrumbList\",\"@id\":\"https:\/\/markd.com.br\/models\/detento-e-encontrado-morto-em-calcada-de-comercio-em-manaus\/#breadcrumb\",\"itemListElement\":[{\"@type\":\"ListItem\",\"position\":1,\"name\":\"In\u00edcio\",\"item\":\"https:\/\/markd.com.br\/models\/\"},{\"@type\":\"ListItem\",\"position\":2,\"name\":\"Detento \u00e9 encontrado morto em cal\u00e7ada de com\u00e9rcio em Manaus\"}]},{\"@type\":\"WebSite\",\"@id\":\"https:\/\/markd.com.br\/models\/#website\",\"url\":\"https:\/\/markd.com.br\/models\/\",\"name\":\"Not\u00edcias de Todos - Models01\",\"description\":\"Tenha um Portal de Not\u00edcias Moderno, Din\u00e2mico, R\u00e1pido e Profissional. Entregamos seu Site de  Not\u00edcias Pronto, Instalado, Hospedado, com Manual Passo a Passo e Suporte 24 horas.\",\"potentialAction\":[{\"@type\":\"SearchAction\",\"target\":{\"@type\":\"EntryPoint\",\"urlTemplate\":\"https:\/\/markd.com.br\/models\/?s={search_term_string}\"},\"query-input\":{\"@type\":\"PropertyValueSpecification\",\"valueRequired\":true,\"valueName\":\"search_term_string\"}}],\"inLanguage\":\"pt-BR\"},{\"@type\":\"Person\",\"@id\":\"https:\/\/markd.com.br\/models\/#\/schema\/person\/c12a77ab487a7262d8bec3c47301ad37\",\"name\":\"Reda\u00e7\u00e3o Reda\u00e7\u00e3o\",\"image\":{\"@type\":\"ImageObject\",\"inLanguage\":\"pt-BR\",\"@id\":\"https:\/\/markd.com.br\/models\/#\/schema\/person\/image\/\",\"url\":\"https:\/\/secure.gravatar.com\/avatar\/9448f3599ce269febf169e183039b4a6?s=96&d=mm&r=g\",\"contentUrl\":\"https:\/\/secure.gravatar.com\/avatar\/9448f3599ce269febf169e183039b4a6?s=96&d=mm&r=g\",\"caption\":\"Reda\u00e7\u00e3o Reda\u00e7\u00e3o\"},\"sameAs\":[\"https:\/\/markd.com.br\/\"],\"url\":\"https:\/\/markd.com.br\/models\/author\/redacao\/\"}]}<\/script>\n<!-- \/ Yoast SEO plugin. -->","yoast_head_json":{"title":"Detento \u00e9 encontrado morto em cal\u00e7ada de com\u00e9rcio em Manaus - Not\u00edcias de Todos - Models01","robots":{"index":"index","follow":"follow","max-snippet":"max-snippet:-1","max-image-preview":"max-image-preview:large","max-video-preview":"max-video-preview:-1"},"canonical":"https:\/\/markd.com.br\/models\/detento-e-encontrado-morto-em-calcada-de-comercio-em-manaus\/","og_locale":"pt_BR","og_type":"article","og_title":"Detento \u00e9 encontrado morto em cal\u00e7ada de com\u00e9rcio em Manaus - Not\u00edcias de Todos - Models01","og_description":"Um detento do regime semiaberto, n\u00e3o identificado, foi encontrado morto na manh\u00e3 desta segunda-feira (28),...","og_url":"https:\/\/markd.com.br\/models\/detento-e-encontrado-morto-em-calcada-de-comercio-em-manaus\/","og_site_name":"Not\u00edcias de Todos - Models01","article_published_time":"2022-03-28T20:14:19+00:00","article_modified_time":"2022-03-28T20:14:26+00:00","og_image":[{"width":640,"height":333,"url":"https:\/\/markd.com.br\/models\/wp-content\/uploads\/2022\/03\/521e3528-110f-455d-ab7b-e7288b7a8ceb-e1648478511967.jpg","type":"image\/jpeg"}],"author":"Reda\u00e7\u00e3o Reda\u00e7\u00e3o","twitter_card":"summary_large_image","twitter_misc":{"Escrito por":"Reda\u00e7\u00e3o Reda\u00e7\u00e3o","Est. tempo de leitura":"1 minuto"},"schema":{"@context":"https:\/\/schema.org","@graph":[{"@type":"WebPage","@id":"https:\/\/markd.com.br\/models\/detento-e-encontrado-morto-em-calcada-de-comercio-em-manaus\/","url":"https:\/\/markd.com.br\/models\/detento-e-encontrado-morto-em-calcada-de-comercio-em-manaus\/","name":"Detento \u00e9 encontrado morto em cal\u00e7ada de com\u00e9rcio em Manaus - Not\u00edcias de Todos - Models01","isPartOf":{"@id":"https:\/\/markd.com.br\/models\/#website"},"primaryImageOfPage":{"@id":"https:\/\/markd.com.br\/models\/detento-e-encontrado-morto-em-calcada-de-comercio-em-manaus\/#primaryimage"},"image":{"@id":"https:\/\/markd.com.br\/models\/detento-e-encontrado-morto-em-calcada-de-comercio-em-manaus\/#primaryimage"},"thumbnailUrl":"https:\/\/markd.com.br\/models\/wp-content\/uploads\/2022\/03\/521e3528-110f-455d-ab7b-e7288b7a8ceb-e1648478511967.jpg","datePublished":"2022-03-28T20:14:19+00:00","dateModified":"2022-03-28T20:14:26+00:00","author":{"@id":"https:\/\/markd.com.br\/models\/#\/schema\/person\/c12a77ab487a7262d8bec3c47301ad37"},"breadcrumb":{"@id":"https:\/\/markd.com.br\/models\/detento-e-encontrado-morto-em-calcada-de-comercio-em-manaus\/#breadcrumb"},"inLanguage":"pt-BR","potentialAction":[{"@type":"ReadAction","target":["https:\/\/markd.com.br\/models\/detento-e-encontrado-morto-em-calcada-de-comercio-em-manaus\/"]}]},{"@type":"ImageObject","inLanguage":"pt-BR","@id":"https:\/\/markd.com.br\/models\/detento-e-encontrado-morto-em-calcada-de-comercio-em-manaus\/#primaryimage","url":"https:\/\/markd.com.br\/models\/wp-content\/uploads\/2022\/03\/521e3528-110f-455d-ab7b-e7288b7a8ceb-e1648478511967.jpg","contentUrl":"https:\/\/markd.com.br\/models\/wp-content\/uploads\/2022\/03\/521e3528-110f-455d-ab7b-e7288b7a8ceb-e1648478511967.jpg","width":640,"height":333},{"@type":"BreadcrumbList","@id":"https:\/\/markd.com.br\/models\/detento-e-encontrado-morto-em-calcada-de-comercio-em-manaus\/#breadcrumb","itemListElement":[{"@type":"ListItem","position":1,"name":"In\u00edcio","item":"https:\/\/markd.com.br\/models\/"},{"@type":"ListItem","position":2,"name":"Detento \u00e9 encontrado morto em cal\u00e7ada de com\u00e9rcio em Manaus"}]},{"@type":"WebSite","@id":"https:\/\/markd.com.br\/models\/#website","url":"https:\/\/markd.com.br\/models\/","name":"Not\u00edcias de Todos - Models01","description":"Tenha um Portal de Not\u00edcias Moderno, Din\u00e2mico, R\u00e1pido e Profissional. Entregamos seu Site de  Not\u00edcias Pronto, Instalado, Hospedado, com Manual Passo a Passo e Suporte 24 horas.","potentialAction":[{"@type":"SearchAction","target":{"@type":"EntryPoint","urlTemplate":"https:\/\/markd.com.br\/models\/?s={search_term_string}"},"query-input":{"@type":"PropertyValueSpecification","valueRequired":true,"valueName":"search_term_string"}}],"inLanguage":"pt-BR"},{"@type":"Person","@id":"https:\/\/markd.com.br\/models\/#\/schema\/person\/c12a77ab487a7262d8bec3c47301ad37","name":"Reda\u00e7\u00e3o Reda\u00e7\u00e3o","image":{"@type":"ImageObject","inLanguage":"pt-BR","@id":"https:\/\/markd.com.br\/models\/#\/schema\/person\/image\/","url":"https:\/\/secure.gravatar.com\/avatar\/9448f3599ce269febf169e183039b4a6?s=96&d=mm&r=g","contentUrl":"https:\/\/secure.gravatar.com\/avatar\/9448f3599ce269febf169e183039b4a6?s=96&d=mm&r=g","caption":"Reda\u00e7\u00e3o Reda\u00e7\u00e3o"},"sameAs":["https:\/\/markd.com.br\/"],"url":"https:\/\/markd.com.br\/models\/author\/redacao\/"}]}},"featured_image_urls":{"full":["https:\/\/markd.com.br\/models\/wp-content\/uploads\/2022\/03\/521e3528-110f-455d-ab7b-e7288b7a8ceb-e1648478511967.jpg",640,333,false],"thumbnail":["https:\/\/markd.com.br\/models\/wp-content\/uploads\/2022\/03\/521e3528-110f-455d-ab7b-e7288b7a8ceb-e1648478511967-150x150.jpg",150,150,true],"medium":["https:\/\/markd.com.br\/models\/wp-content\/uploads\/2022\/03\/521e3528-110f-455d-ab7b-e7288b7a8ceb-e1648478511967-300x156.jpg",300,156,true],"medium_large":["https:\/\/markd.com.br\/models\/wp-content\/uploads\/2022\/03\/521e3528-110f-455d-ab7b-e7288b7a8ceb-e1648478511967.jpg",640,333,false],"large":["https:\/\/markd.com.br\/models\/wp-content\/uploads\/2022\/03\/521e3528-110f-455d-ab7b-e7288b7a8ceb-e1648478511967.jpg",640,333,false],"1536x1536":["https:\/\/markd.com.br\/models\/wp-content\/uploads\/2022\/03\/521e3528-110f-455d-ab7b-e7288b7a8ceb-e1648478511967.jpg",640,333,false],"2048x2048":["https:\/\/markd.com.br\/models\/wp-content\/uploads\/2022\/03\/521e3528-110f-455d-ab7b-e7288b7a8ceb-e1648478511967.jpg",640,333,false],"newsphere-slider-full":["https:\/\/markd.com.br\/models\/wp-content\/uploads\/2022\/03\/521e3528-110f-455d-ab7b-e7288b7a8ceb-e1648478511967.jpg",640,333,false],"newsphere-featured":["https:\/\/markd.com.br\/models\/wp-content\/uploads\/2022\/03\/521e3528-110f-455d-ab7b-e7288b7a8ceb-e1648478511967.jpg",640,333,false],"newsphere-medium":["https:\/\/markd.com.br\/models\/wp-content\/uploads\/2022\/03\/521e3528-110f-455d-ab7b-e7288b7a8ceb-e1648478511967.jpg",640,333,false]},"author_info":{"display_name":"Reda\u00e7\u00e3o Reda\u00e7\u00e3o","author_link":"https:\/\/markd.com.br\/models\/author\/redacao\/"},"category_info":"<a href=\"https:\/\/markd.com.br\/models\/category\/musica\/\" rel=\"category tag\">Pol\u00edcia<\/a>","tag_info":"Pol\u00edcia","comment_count":"0","jetpack_featured_media_url":"https:\/\/markd.com.br\/models\/wp-content\/uploads\/2022\/03\/521e3528-110f-455d-ab7b-e7288b7a8ceb-e1648478511967.jpg","_links":{"self":[{"href":"https:\/\/markd.com.br\/models\/wp-json\/wp\/v2\/posts\/963","targetHints":{"allow":["GET"]}}],"collection":[{"href":"https:\/\/markd.com.br\/models\/wp-json\/wp\/v2\/posts"}],"about":[{"href":"https:\/\/markd.com.br\/models\/wp-json\/wp\/v2\/types\/post"}],"author":[{"embeddable":true,"href":"https:\/\/markd.com.br\/models\/wp-json\/wp\/v2\/users\/5"}],"replies":[{"embeddable":true,"href":"https:\/\/markd.com.br\/models\/wp-json\/wp\/v2\/comments?post=963"}],"version-history":[{"count":1,"href":"https:\/\/markd.com.br\/models\/wp-json\/wp\/v2\/posts\/963\/revisions"}],"predecessor-version":[{"id":965,"href":"https:\/\/markd.com.br\/models\/wp-json\/wp\/v2\/posts\/963\/revisions\/965"}],"wp:featuredmedia":[{"embeddable":true,"href":"https:\/\/markd.com.br\/models\/wp-json\/wp\/v2\/media\/964"}],"wp:attachment":[{"href":"https:\/\/markd.com.br\/models\/wp-json\/wp\/v2\/media?parent=963"}],"wp:term":[{"taxonomy":"category","embeddable":true,"href":"https:\/\/markd.com.br\/models\/wp-json\/wp\/v2\/categories?post=963"},{"taxonomy":"post_tag","embeddable":true,"href":"https:\/\/markd.com.br\/models\/wp-json\/wp\/v2\/tags?post=963"}],"curies":[{"name":"wp","href":"https:\/\/api.w.org\/{rel}","templated":true}]}}