{"id":969,"date":"2022-03-28T17:30:36","date_gmt":"2022-03-28T20:30:36","guid":{"rendered":"https:\/\/portaldestaquenoticias.com.br\/?p=969"},"modified":"2022-03-28T17:30:40","modified_gmt":"2022-03-28T20:30:40","slug":"will-smith-chora-e-pede-desculpas-apos-tapa-em-chris-rock-no-oscar","status":"publish","type":"post","link":"https:\/\/markd.com.br\/models\/will-smith-chora-e-pede-desculpas-apos-tapa-em-chris-rock-no-oscar\/","title":{"rendered":"Will Smith chora e pede desculpas ap\u00f3s tapa em Chris Rock no Oscar"},"content":{"rendered":"\n<p><\/p>\n\n\n\n<p>Logo ap\u00f3s dar um tapa em Chris Rock, Will Smith subiu no palco do Oscar para receber o pr\u00eamio de \u2018Melhor Ator\u2019 por \u201cKing Richard: Criando Campe\u00e3s\u201d e pediu desculpas pela agress\u00e3o.<\/p>\n\n\n\n<figure class=\"wp-block-embed is-type-rich is-provider-twitter wp-block-embed-twitter\"><div class=\"wp-block-embed__wrapper\">\n<blockquote class=\"twitter-tweet\" data-width=\"550\" data-dnt=\"true\"><p lang=\"pt\" dir=\"ltr\">Will Smith conquistou o primeiro Oscar de sua carreira. Ator fez discurso emocionante em defesa da fam\u00edlia e pede desculpa sobre epis\u00f3dio com Chris Rock. <a href=\"https:\/\/t.co\/qDhZu2G0gv\">pic.twitter.com\/qDhZu2G0gv<\/a><\/p>&mdash; M\u00eddia NINJA (@MidiaNINJA) <a href=\"https:\/\/twitter.com\/MidiaNINJA\/status\/1508431541420048384?ref_src=twsrc%5Etfw\">March 28, 2022<\/a><\/blockquote><script async src=\"https:\/\/platform.twitter.com\/widgets.js\" charset=\"utf-8\"><\/script>\n<\/div><\/figure>\n\n\n\n<p>\u201cEu sei que para fazer o que n\u00f3s fazemos voc\u00ea tem que aceitar abusos, pessoas que desrespeitam voc\u00ea, sorrir e fazer de conta que est\u00e1 tudo bem. Denzel [Washington] falou h\u00e1 alguns minutos \u2018Esse \u00e9 o seu maior momento, \u00e9 a\u00ed que o diabo vai te pegar\u2019. Eu quero ser ser o compartimento do amor, agradecer a Venus, Serena e \u00e0 fam\u00edlia Williams por confiar sua hist\u00f3ria a mim. Quero ser embaixador desse tipo de amor, de cuidado. Quero pedir desculpas aos membros da Academia, aos outros indicados. Este \u00e9 um momento lindo. N\u00e3o estou chorando por ganhar um pr\u00eamio, \u00e9 sobre levar a luz a todas as pessoas. A arte imita a vida, eu pare\u00e7o um pai maluco como realmente falaram, mas amor faz com que voc\u00ea fa\u00e7a coisas doidas. Agrade\u00e7o em nome de Richard e de toda a fam\u00edlia Williams. Espero que a Academia me chame para uma pr\u00f3xima festa\u201d, disse o ator, chorando.<\/p>\n\n\n\n<p>Fonte: Portal do Holanda<\/p>\n","protected":false},"excerpt":{"rendered":"<p>Logo ap\u00f3s dar um tapa em Chris Rock, Will Smith subiu no palco do Oscar&#8230;<\/p>\n","protected":false},"author":5,"featured_media":970,"comment_status":"open","ping_status":"open","sticky":false,"template":"","format":"standard","meta":{"footnotes":""},"categories":[49],"tags":[161,160,159],"class_list":["post-969","post","type-post","status-publish","format-standard","has-post-thumbnail","hentry","category-destaques","tag-chris-rock","tag-oscar","tag-will-smith"],"yoast_head":"<!-- This site is optimized with the Yoast SEO plugin v24.4 - https:\/\/yoast.com\/wordpress\/plugins\/seo\/ -->\n<title>Will Smith chora e pede desculpas ap\u00f3s tapa em Chris Rock no Oscar - Not\u00edcias de Todos - Models01<\/title>\n<meta name=\"robots\" content=\"index, follow, max-snippet:-1, max-image-preview:large, max-video-preview:-1\" \/>\n<link rel=\"canonical\" href=\"https:\/\/markd.com.br\/models\/will-smith-chora-e-pede-desculpas-apos-tapa-em-chris-rock-no-oscar\/\" \/>\n<meta property=\"og:locale\" content=\"pt_BR\" \/>\n<meta property=\"og:type\" content=\"article\" \/>\n<meta property=\"og:title\" content=\"Will Smith chora e pede desculpas ap\u00f3s tapa em Chris Rock no Oscar - Not\u00edcias de Todos - Models01\" \/>\n<meta property=\"og:description\" content=\"Logo ap\u00f3s dar um tapa em Chris Rock, Will Smith subiu no palco do Oscar...\" \/>\n<meta property=\"og:url\" content=\"https:\/\/markd.com.br\/models\/will-smith-chora-e-pede-desculpas-apos-tapa-em-chris-rock-no-oscar\/\" \/>\n<meta property=\"og:site_name\" content=\"Not\u00edcias de Todos - Models01\" \/>\n<meta property=\"article:published_time\" content=\"2022-03-28T20:30:36+00:00\" \/>\n<meta property=\"article:modified_time\" content=\"2022-03-28T20:30:40+00:00\" \/>\n<meta property=\"og:image\" content=\"https:\/\/markd.com.br\/models\/wp-content\/uploads\/2022\/03\/portaldoholanda-capturadetela2022-03-28as101615-1142979-1.jpg\" \/>\n\t<meta property=\"og:image:width\" content=\"640\" \/>\n\t<meta property=\"og:image:height\" content=\"405\" \/>\n\t<meta property=\"og:image:type\" content=\"image\/jpeg\" \/>\n<meta name=\"author\" content=\"Reda\u00e7\u00e3o Reda\u00e7\u00e3o\" \/>\n<meta name=\"twitter:card\" content=\"summary_large_image\" \/>\n<meta name=\"twitter:label1\" content=\"Escrito por\" \/>\n\t<meta name=\"twitter:data1\" content=\"Reda\u00e7\u00e3o Reda\u00e7\u00e3o\" \/>\n\t<meta name=\"twitter:label2\" content=\"Est. tempo de leitura\" \/>\n\t<meta name=\"twitter:data2\" content=\"2 minutos\" \/>\n<script type=\"application\/ld+json\" class=\"yoast-schema-graph\">{\"@context\":\"https:\/\/schema.org\",\"@graph\":[{\"@type\":\"WebPage\",\"@id\":\"https:\/\/markd.com.br\/models\/will-smith-chora-e-pede-desculpas-apos-tapa-em-chris-rock-no-oscar\/\",\"url\":\"https:\/\/markd.com.br\/models\/will-smith-chora-e-pede-desculpas-apos-tapa-em-chris-rock-no-oscar\/\",\"name\":\"Will Smith chora e pede desculpas ap\u00f3s tapa em Chris Rock no Oscar - Not\u00edcias de Todos - Models01\",\"isPartOf\":{\"@id\":\"https:\/\/markd.com.br\/models\/#website\"},\"primaryImageOfPage\":{\"@id\":\"https:\/\/markd.com.br\/models\/will-smith-chora-e-pede-desculpas-apos-tapa-em-chris-rock-no-oscar\/#primaryimage\"},\"image\":{\"@id\":\"https:\/\/markd.com.br\/models\/will-smith-chora-e-pede-desculpas-apos-tapa-em-chris-rock-no-oscar\/#primaryimage\"},\"thumbnailUrl\":\"https:\/\/markd.com.br\/models\/wp-content\/uploads\/2022\/03\/portaldoholanda-capturadetela2022-03-28as101615-1142979-1.jpg\",\"datePublished\":\"2022-03-28T20:30:36+00:00\",\"dateModified\":\"2022-03-28T20:30:40+00:00\",\"author\":{\"@id\":\"https:\/\/markd.com.br\/models\/#\/schema\/person\/c12a77ab487a7262d8bec3c47301ad37\"},\"breadcrumb\":{\"@id\":\"https:\/\/markd.com.br\/models\/will-smith-chora-e-pede-desculpas-apos-tapa-em-chris-rock-no-oscar\/#breadcrumb\"},\"inLanguage\":\"pt-BR\",\"potentialAction\":[{\"@type\":\"ReadAction\",\"target\":[\"https:\/\/markd.com.br\/models\/will-smith-chora-e-pede-desculpas-apos-tapa-em-chris-rock-no-oscar\/\"]}]},{\"@type\":\"ImageObject\",\"inLanguage\":\"pt-BR\",\"@id\":\"https:\/\/markd.com.br\/models\/will-smith-chora-e-pede-desculpas-apos-tapa-em-chris-rock-no-oscar\/#primaryimage\",\"url\":\"https:\/\/markd.com.br\/models\/wp-content\/uploads\/2022\/03\/portaldoholanda-capturadetela2022-03-28as101615-1142979-1.jpg\",\"contentUrl\":\"https:\/\/markd.com.br\/models\/wp-content\/uploads\/2022\/03\/portaldoholanda-capturadetela2022-03-28as101615-1142979-1.jpg\",\"width\":640,\"height\":405},{\"@type\":\"BreadcrumbList\",\"@id\":\"https:\/\/markd.com.br\/models\/will-smith-chora-e-pede-desculpas-apos-tapa-em-chris-rock-no-oscar\/#breadcrumb\",\"itemListElement\":[{\"@type\":\"ListItem\",\"position\":1,\"name\":\"In\u00edcio\",\"item\":\"https:\/\/markd.com.br\/models\/\"},{\"@type\":\"ListItem\",\"position\":2,\"name\":\"Will Smith chora e pede desculpas ap\u00f3s tapa em Chris Rock no Oscar\"}]},{\"@type\":\"WebSite\",\"@id\":\"https:\/\/markd.com.br\/models\/#website\",\"url\":\"https:\/\/markd.com.br\/models\/\",\"name\":\"Not\u00edcias de Todos - Models01\",\"description\":\"Tenha um Portal de Not\u00edcias Moderno, Din\u00e2mico, R\u00e1pido e Profissional. Entregamos seu Site de  Not\u00edcias Pronto, Instalado, Hospedado, com Manual Passo a Passo e Suporte 24 horas.\",\"potentialAction\":[{\"@type\":\"SearchAction\",\"target\":{\"@type\":\"EntryPoint\",\"urlTemplate\":\"https:\/\/markd.com.br\/models\/?s={search_term_string}\"},\"query-input\":{\"@type\":\"PropertyValueSpecification\",\"valueRequired\":true,\"valueName\":\"search_term_string\"}}],\"inLanguage\":\"pt-BR\"},{\"@type\":\"Person\",\"@id\":\"https:\/\/markd.com.br\/models\/#\/schema\/person\/c12a77ab487a7262d8bec3c47301ad37\",\"name\":\"Reda\u00e7\u00e3o Reda\u00e7\u00e3o\",\"image\":{\"@type\":\"ImageObject\",\"inLanguage\":\"pt-BR\",\"@id\":\"https:\/\/markd.com.br\/models\/#\/schema\/person\/image\/\",\"url\":\"https:\/\/secure.gravatar.com\/avatar\/9448f3599ce269febf169e183039b4a6?s=96&d=mm&r=g\",\"contentUrl\":\"https:\/\/secure.gravatar.com\/avatar\/9448f3599ce269febf169e183039b4a6?s=96&d=mm&r=g\",\"caption\":\"Reda\u00e7\u00e3o Reda\u00e7\u00e3o\"},\"sameAs\":[\"https:\/\/markd.com.br\/\"],\"url\":\"https:\/\/markd.com.br\/models\/author\/redacao\/\"}]}<\/script>\n<!-- \/ Yoast SEO plugin. -->","yoast_head_json":{"title":"Will Smith chora e pede desculpas ap\u00f3s tapa em Chris Rock no Oscar - Not\u00edcias de Todos - Models01","robots":{"index":"index","follow":"follow","max-snippet":"max-snippet:-1","max-image-preview":"max-image-preview:large","max-video-preview":"max-video-preview:-1"},"canonical":"https:\/\/markd.com.br\/models\/will-smith-chora-e-pede-desculpas-apos-tapa-em-chris-rock-no-oscar\/","og_locale":"pt_BR","og_type":"article","og_title":"Will Smith chora e pede desculpas ap\u00f3s tapa em Chris Rock no Oscar - Not\u00edcias de Todos - Models01","og_description":"Logo ap\u00f3s dar um tapa em Chris Rock, Will Smith subiu no palco do Oscar...","og_url":"https:\/\/markd.com.br\/models\/will-smith-chora-e-pede-desculpas-apos-tapa-em-chris-rock-no-oscar\/","og_site_name":"Not\u00edcias de Todos - Models01","article_published_time":"2022-03-28T20:30:36+00:00","article_modified_time":"2022-03-28T20:30:40+00:00","og_image":[{"width":640,"height":405,"url":"https:\/\/markd.com.br\/models\/wp-content\/uploads\/2022\/03\/portaldoholanda-capturadetela2022-03-28as101615-1142979-1.jpg","type":"image\/jpeg"}],"author":"Reda\u00e7\u00e3o Reda\u00e7\u00e3o","twitter_card":"summary_large_image","twitter_misc":{"Escrito por":"Reda\u00e7\u00e3o Reda\u00e7\u00e3o","Est. tempo de leitura":"2 minutos"},"schema":{"@context":"https:\/\/schema.org","@graph":[{"@type":"WebPage","@id":"https:\/\/markd.com.br\/models\/will-smith-chora-e-pede-desculpas-apos-tapa-em-chris-rock-no-oscar\/","url":"https:\/\/markd.com.br\/models\/will-smith-chora-e-pede-desculpas-apos-tapa-em-chris-rock-no-oscar\/","name":"Will Smith chora e pede desculpas ap\u00f3s tapa em Chris Rock no Oscar - Not\u00edcias de Todos - Models01","isPartOf":{"@id":"https:\/\/markd.com.br\/models\/#website"},"primaryImageOfPage":{"@id":"https:\/\/markd.com.br\/models\/will-smith-chora-e-pede-desculpas-apos-tapa-em-chris-rock-no-oscar\/#primaryimage"},"image":{"@id":"https:\/\/markd.com.br\/models\/will-smith-chora-e-pede-desculpas-apos-tapa-em-chris-rock-no-oscar\/#primaryimage"},"thumbnailUrl":"https:\/\/markd.com.br\/models\/wp-content\/uploads\/2022\/03\/portaldoholanda-capturadetela2022-03-28as101615-1142979-1.jpg","datePublished":"2022-03-28T20:30:36+00:00","dateModified":"2022-03-28T20:30:40+00:00","author":{"@id":"https:\/\/markd.com.br\/models\/#\/schema\/person\/c12a77ab487a7262d8bec3c47301ad37"},"breadcrumb":{"@id":"https:\/\/markd.com.br\/models\/will-smith-chora-e-pede-desculpas-apos-tapa-em-chris-rock-no-oscar\/#breadcrumb"},"inLanguage":"pt-BR","potentialAction":[{"@type":"ReadAction","target":["https:\/\/markd.com.br\/models\/will-smith-chora-e-pede-desculpas-apos-tapa-em-chris-rock-no-oscar\/"]}]},{"@type":"ImageObject","inLanguage":"pt-BR","@id":"https:\/\/markd.com.br\/models\/will-smith-chora-e-pede-desculpas-apos-tapa-em-chris-rock-no-oscar\/#primaryimage","url":"https:\/\/markd.com.br\/models\/wp-content\/uploads\/2022\/03\/portaldoholanda-capturadetela2022-03-28as101615-1142979-1.jpg","contentUrl":"https:\/\/markd.com.br\/models\/wp-content\/uploads\/2022\/03\/portaldoholanda-capturadetela2022-03-28as101615-1142979-1.jpg","width":640,"height":405},{"@type":"BreadcrumbList","@id":"https:\/\/markd.com.br\/models\/will-smith-chora-e-pede-desculpas-apos-tapa-em-chris-rock-no-oscar\/#breadcrumb","itemListElement":[{"@type":"ListItem","position":1,"name":"In\u00edcio","item":"https:\/\/markd.com.br\/models\/"},{"@type":"ListItem","position":2,"name":"Will Smith chora e pede desculpas ap\u00f3s tapa em Chris Rock no Oscar"}]},{"@type":"WebSite","@id":"https:\/\/markd.com.br\/models\/#website","url":"https:\/\/markd.com.br\/models\/","name":"Not\u00edcias de Todos - Models01","description":"Tenha um Portal de Not\u00edcias Moderno, Din\u00e2mico, R\u00e1pido e Profissional. Entregamos seu Site de  Not\u00edcias Pronto, Instalado, Hospedado, com Manual Passo a Passo e Suporte 24 horas.","potentialAction":[{"@type":"SearchAction","target":{"@type":"EntryPoint","urlTemplate":"https:\/\/markd.com.br\/models\/?s={search_term_string}"},"query-input":{"@type":"PropertyValueSpecification","valueRequired":true,"valueName":"search_term_string"}}],"inLanguage":"pt-BR"},{"@type":"Person","@id":"https:\/\/markd.com.br\/models\/#\/schema\/person\/c12a77ab487a7262d8bec3c47301ad37","name":"Reda\u00e7\u00e3o Reda\u00e7\u00e3o","image":{"@type":"ImageObject","inLanguage":"pt-BR","@id":"https:\/\/markd.com.br\/models\/#\/schema\/person\/image\/","url":"https:\/\/secure.gravatar.com\/avatar\/9448f3599ce269febf169e183039b4a6?s=96&d=mm&r=g","contentUrl":"https:\/\/secure.gravatar.com\/avatar\/9448f3599ce269febf169e183039b4a6?s=96&d=mm&r=g","caption":"Reda\u00e7\u00e3o Reda\u00e7\u00e3o"},"sameAs":["https:\/\/markd.com.br\/"],"url":"https:\/\/markd.com.br\/models\/author\/redacao\/"}]}},"featured_image_urls":{"full":["https:\/\/markd.com.br\/models\/wp-content\/uploads\/2022\/03\/portaldoholanda-capturadetela2022-03-28as101615-1142979-1.jpg",640,405,false],"thumbnail":["https:\/\/markd.com.br\/models\/wp-content\/uploads\/2022\/03\/portaldoholanda-capturadetela2022-03-28as101615-1142979-1-150x150.jpg",150,150,true],"medium":["https:\/\/markd.com.br\/models\/wp-content\/uploads\/2022\/03\/portaldoholanda-capturadetela2022-03-28as101615-1142979-1-300x190.jpg",300,190,true],"medium_large":["https:\/\/markd.com.br\/models\/wp-content\/uploads\/2022\/03\/portaldoholanda-capturadetela2022-03-28as101615-1142979-1.jpg",640,405,false],"large":["https:\/\/markd.com.br\/models\/wp-content\/uploads\/2022\/03\/portaldoholanda-capturadetela2022-03-28as101615-1142979-1.jpg",640,405,false],"1536x1536":["https:\/\/markd.com.br\/models\/wp-content\/uploads\/2022\/03\/portaldoholanda-capturadetela2022-03-28as101615-1142979-1.jpg",640,405,false],"2048x2048":["https:\/\/markd.com.br\/models\/wp-content\/uploads\/2022\/03\/portaldoholanda-capturadetela2022-03-28as101615-1142979-1.jpg",640,405,false],"newsphere-slider-full":["https:\/\/markd.com.br\/models\/wp-content\/uploads\/2022\/03\/portaldoholanda-capturadetela2022-03-28as101615-1142979-1.jpg",640,405,false],"newsphere-featured":["https:\/\/markd.com.br\/models\/wp-content\/uploads\/2022\/03\/portaldoholanda-capturadetela2022-03-28as101615-1142979-1.jpg",640,405,false],"newsphere-medium":["https:\/\/markd.com.br\/models\/wp-content\/uploads\/2022\/03\/portaldoholanda-capturadetela2022-03-28as101615-1142979-1-640x380.jpg",640,380,true]},"author_info":{"display_name":"Reda\u00e7\u00e3o Reda\u00e7\u00e3o","author_link":"https:\/\/markd.com.br\/models\/author\/redacao\/"},"category_info":"<a href=\"https:\/\/markd.com.br\/models\/category\/destaques\/\" rel=\"category tag\">destaques<\/a>","tag_info":"destaques","comment_count":"0","jetpack_featured_media_url":"https:\/\/markd.com.br\/models\/wp-content\/uploads\/2022\/03\/portaldoholanda-capturadetela2022-03-28as101615-1142979-1.jpg","_links":{"self":[{"href":"https:\/\/markd.com.br\/models\/wp-json\/wp\/v2\/posts\/969","targetHints":{"allow":["GET"]}}],"collection":[{"href":"https:\/\/markd.com.br\/models\/wp-json\/wp\/v2\/posts"}],"about":[{"href":"https:\/\/markd.com.br\/models\/wp-json\/wp\/v2\/types\/post"}],"author":[{"embeddable":true,"href":"https:\/\/markd.com.br\/models\/wp-json\/wp\/v2\/users\/5"}],"replies":[{"embeddable":true,"href":"https:\/\/markd.com.br\/models\/wp-json\/wp\/v2\/comments?post=969"}],"version-history":[{"count":1,"href":"https:\/\/markd.com.br\/models\/wp-json\/wp\/v2\/posts\/969\/revisions"}],"predecessor-version":[{"id":971,"href":"https:\/\/markd.com.br\/models\/wp-json\/wp\/v2\/posts\/969\/revisions\/971"}],"wp:featuredmedia":[{"embeddable":true,"href":"https:\/\/markd.com.br\/models\/wp-json\/wp\/v2\/media\/970"}],"wp:attachment":[{"href":"https:\/\/markd.com.br\/models\/wp-json\/wp\/v2\/media?parent=969"}],"wp:term":[{"taxonomy":"category","embeddable":true,"href":"https:\/\/markd.com.br\/models\/wp-json\/wp\/v2\/categories?post=969"},{"taxonomy":"post_tag","embeddable":true,"href":"https:\/\/markd.com.br\/models\/wp-json\/wp\/v2\/tags?post=969"}],"curies":[{"name":"wp","href":"https:\/\/api.w.org\/{rel}","templated":true}]}}