{"id":981,"date":"2022-03-28T17:44:43","date_gmt":"2022-03-28T20:44:43","guid":{"rendered":"https:\/\/portaldestaquenoticias.com.br\/?p=981"},"modified":"2022-03-28T17:44:48","modified_gmt":"2022-03-28T20:44:48","slug":"homens-apedrejam-mulher-ate-a-morte-no-meio-da-rua-em-manaus","status":"publish","type":"post","link":"https:\/\/markd.com.br\/models\/homens-apedrejam-mulher-ate-a-morte-no-meio-da-rua-em-manaus\/","title":{"rendered":"Homens apedrejam mulher at\u00e9 a morte no meio da rua em Manaus"},"content":{"rendered":"\n<p><\/p>\n\n\n\n<p>A manh\u00e3 deste domingo (27) foi marcada por um crime covarde em Manaus. Uma mulher teve o rosto desfigurado a pedradas no conjunto At\u00edlio Andreaza, do bairro Japiim. A pol\u00edcia ainda n\u00e3o confirma a identidade da v\u00edtima.<\/p>\n\n\n\n<p>De acordo com relatos de testemunhas, tr\u00eas homens chegaram em um carro preto ao local nesta madrugada com a v\u00edtima, a jogara no meio da rua e come\u00e7aram a apedrej\u00e1-la. &nbsp;<\/p>\n\n\n\n<p>O corpo da v\u00edtima foi levado ao IML e o caso transferido para Delegacia Especializada em Homic\u00eddios e Sequestros (DEHS) da Pol\u00edcia Civil do Amazonas (PC-AM).<\/p>\n\n\n\n<p>A pol\u00edcia procura imagens de c\u00e2meras de seguran\u00e7a para tentar identificar o ve\u00edculo e chegar aos assassinos.<\/p>\n","protected":false},"excerpt":{"rendered":"<p>A manh\u00e3 deste domingo (27) foi marcada por um crime covarde em Manaus. Uma mulher&#8230;<\/p>\n","protected":false},"author":5,"featured_media":982,"comment_status":"open","ping_status":"open","sticky":false,"template":"","format":"standard","meta":{"footnotes":""},"categories":[124],"tags":[153,126,44],"class_list":["post-981","post","type-post","status-publish","format-standard","has-post-thumbnail","hentry","category-policia","tag-dehs","tag-iml","tag-policia-2"],"yoast_head":"<!-- This site is optimized with the Yoast SEO plugin v24.4 - https:\/\/yoast.com\/wordpress\/plugins\/seo\/ -->\n<title>Homens apedrejam mulher at\u00e9 a morte no meio da rua em Manaus - Not\u00edcias de Todos - Models01<\/title>\n<meta name=\"robots\" content=\"index, follow, max-snippet:-1, max-image-preview:large, max-video-preview:-1\" \/>\n<link rel=\"canonical\" href=\"https:\/\/markd.com.br\/models\/homens-apedrejam-mulher-ate-a-morte-no-meio-da-rua-em-manaus\/\" \/>\n<meta property=\"og:locale\" content=\"pt_BR\" \/>\n<meta property=\"og:type\" content=\"article\" \/>\n<meta property=\"og:title\" content=\"Homens apedrejam mulher at\u00e9 a morte no meio da rua em Manaus - Not\u00edcias de Todos - Models01\" \/>\n<meta property=\"og:description\" content=\"A manh\u00e3 deste domingo (27) foi marcada por um crime covarde em Manaus. Uma mulher...\" \/>\n<meta property=\"og:url\" content=\"https:\/\/markd.com.br\/models\/homens-apedrejam-mulher-ate-a-morte-no-meio-da-rua-em-manaus\/\" \/>\n<meta property=\"og:site_name\" content=\"Not\u00edcias de Todos - Models01\" \/>\n<meta property=\"article:published_time\" content=\"2022-03-28T20:44:43+00:00\" \/>\n<meta property=\"article:modified_time\" content=\"2022-03-28T20:44:48+00:00\" \/>\n<meta property=\"og:image\" content=\"https:\/\/markd.com.br\/models\/wp-content\/uploads\/2022\/03\/morte1-1.jpg\" \/>\n\t<meta property=\"og:image:width\" content=\"640\" \/>\n\t<meta property=\"og:image:height\" content=\"378\" \/>\n\t<meta property=\"og:image:type\" content=\"image\/jpeg\" \/>\n<meta name=\"author\" content=\"Reda\u00e7\u00e3o Reda\u00e7\u00e3o\" \/>\n<meta name=\"twitter:card\" content=\"summary_large_image\" \/>\n<meta name=\"twitter:label1\" content=\"Escrito por\" \/>\n\t<meta name=\"twitter:data1\" content=\"Reda\u00e7\u00e3o Reda\u00e7\u00e3o\" \/>\n\t<meta name=\"twitter:label2\" content=\"Est. tempo de leitura\" \/>\n\t<meta name=\"twitter:data2\" content=\"1 minuto\" \/>\n<script type=\"application\/ld+json\" class=\"yoast-schema-graph\">{\"@context\":\"https:\/\/schema.org\",\"@graph\":[{\"@type\":\"WebPage\",\"@id\":\"https:\/\/markd.com.br\/models\/homens-apedrejam-mulher-ate-a-morte-no-meio-da-rua-em-manaus\/\",\"url\":\"https:\/\/markd.com.br\/models\/homens-apedrejam-mulher-ate-a-morte-no-meio-da-rua-em-manaus\/\",\"name\":\"Homens apedrejam mulher at\u00e9 a morte no meio da rua em Manaus - Not\u00edcias de Todos - Models01\",\"isPartOf\":{\"@id\":\"https:\/\/markd.com.br\/models\/#website\"},\"primaryImageOfPage\":{\"@id\":\"https:\/\/markd.com.br\/models\/homens-apedrejam-mulher-ate-a-morte-no-meio-da-rua-em-manaus\/#primaryimage\"},\"image\":{\"@id\":\"https:\/\/markd.com.br\/models\/homens-apedrejam-mulher-ate-a-morte-no-meio-da-rua-em-manaus\/#primaryimage\"},\"thumbnailUrl\":\"https:\/\/markd.com.br\/models\/wp-content\/uploads\/2022\/03\/morte1-1.jpg\",\"datePublished\":\"2022-03-28T20:44:43+00:00\",\"dateModified\":\"2022-03-28T20:44:48+00:00\",\"author\":{\"@id\":\"https:\/\/markd.com.br\/models\/#\/schema\/person\/c12a77ab487a7262d8bec3c47301ad37\"},\"breadcrumb\":{\"@id\":\"https:\/\/markd.com.br\/models\/homens-apedrejam-mulher-ate-a-morte-no-meio-da-rua-em-manaus\/#breadcrumb\"},\"inLanguage\":\"pt-BR\",\"potentialAction\":[{\"@type\":\"ReadAction\",\"target\":[\"https:\/\/markd.com.br\/models\/homens-apedrejam-mulher-ate-a-morte-no-meio-da-rua-em-manaus\/\"]}]},{\"@type\":\"ImageObject\",\"inLanguage\":\"pt-BR\",\"@id\":\"https:\/\/markd.com.br\/models\/homens-apedrejam-mulher-ate-a-morte-no-meio-da-rua-em-manaus\/#primaryimage\",\"url\":\"https:\/\/markd.com.br\/models\/wp-content\/uploads\/2022\/03\/morte1-1.jpg\",\"contentUrl\":\"https:\/\/markd.com.br\/models\/wp-content\/uploads\/2022\/03\/morte1-1.jpg\",\"width\":640,\"height\":378},{\"@type\":\"BreadcrumbList\",\"@id\":\"https:\/\/markd.com.br\/models\/homens-apedrejam-mulher-ate-a-morte-no-meio-da-rua-em-manaus\/#breadcrumb\",\"itemListElement\":[{\"@type\":\"ListItem\",\"position\":1,\"name\":\"In\u00edcio\",\"item\":\"https:\/\/markd.com.br\/models\/\"},{\"@type\":\"ListItem\",\"position\":2,\"name\":\"Homens apedrejam mulher at\u00e9 a morte no meio da rua em Manaus\"}]},{\"@type\":\"WebSite\",\"@id\":\"https:\/\/markd.com.br\/models\/#website\",\"url\":\"https:\/\/markd.com.br\/models\/\",\"name\":\"Not\u00edcias de Todos - Models01\",\"description\":\"Tenha um Portal de Not\u00edcias Moderno, Din\u00e2mico, R\u00e1pido e Profissional. Entregamos seu Site de  Not\u00edcias Pronto, Instalado, Hospedado, com Manual Passo a Passo e Suporte 24 horas.\",\"potentialAction\":[{\"@type\":\"SearchAction\",\"target\":{\"@type\":\"EntryPoint\",\"urlTemplate\":\"https:\/\/markd.com.br\/models\/?s={search_term_string}\"},\"query-input\":{\"@type\":\"PropertyValueSpecification\",\"valueRequired\":true,\"valueName\":\"search_term_string\"}}],\"inLanguage\":\"pt-BR\"},{\"@type\":\"Person\",\"@id\":\"https:\/\/markd.com.br\/models\/#\/schema\/person\/c12a77ab487a7262d8bec3c47301ad37\",\"name\":\"Reda\u00e7\u00e3o Reda\u00e7\u00e3o\",\"image\":{\"@type\":\"ImageObject\",\"inLanguage\":\"pt-BR\",\"@id\":\"https:\/\/markd.com.br\/models\/#\/schema\/person\/image\/\",\"url\":\"https:\/\/secure.gravatar.com\/avatar\/9448f3599ce269febf169e183039b4a6?s=96&d=mm&r=g\",\"contentUrl\":\"https:\/\/secure.gravatar.com\/avatar\/9448f3599ce269febf169e183039b4a6?s=96&d=mm&r=g\",\"caption\":\"Reda\u00e7\u00e3o Reda\u00e7\u00e3o\"},\"sameAs\":[\"https:\/\/markd.com.br\/\"],\"url\":\"https:\/\/markd.com.br\/models\/author\/redacao\/\"}]}<\/script>\n<!-- \/ Yoast SEO plugin. -->","yoast_head_json":{"title":"Homens apedrejam mulher at\u00e9 a morte no meio da rua em Manaus - Not\u00edcias de Todos - Models01","robots":{"index":"index","follow":"follow","max-snippet":"max-snippet:-1","max-image-preview":"max-image-preview:large","max-video-preview":"max-video-preview:-1"},"canonical":"https:\/\/markd.com.br\/models\/homens-apedrejam-mulher-ate-a-morte-no-meio-da-rua-em-manaus\/","og_locale":"pt_BR","og_type":"article","og_title":"Homens apedrejam mulher at\u00e9 a morte no meio da rua em Manaus - Not\u00edcias de Todos - Models01","og_description":"A manh\u00e3 deste domingo (27) foi marcada por um crime covarde em Manaus. Uma mulher...","og_url":"https:\/\/markd.com.br\/models\/homens-apedrejam-mulher-ate-a-morte-no-meio-da-rua-em-manaus\/","og_site_name":"Not\u00edcias de Todos - Models01","article_published_time":"2022-03-28T20:44:43+00:00","article_modified_time":"2022-03-28T20:44:48+00:00","og_image":[{"width":640,"height":378,"url":"https:\/\/markd.com.br\/models\/wp-content\/uploads\/2022\/03\/morte1-1.jpg","type":"image\/jpeg"}],"author":"Reda\u00e7\u00e3o Reda\u00e7\u00e3o","twitter_card":"summary_large_image","twitter_misc":{"Escrito por":"Reda\u00e7\u00e3o Reda\u00e7\u00e3o","Est. tempo de leitura":"1 minuto"},"schema":{"@context":"https:\/\/schema.org","@graph":[{"@type":"WebPage","@id":"https:\/\/markd.com.br\/models\/homens-apedrejam-mulher-ate-a-morte-no-meio-da-rua-em-manaus\/","url":"https:\/\/markd.com.br\/models\/homens-apedrejam-mulher-ate-a-morte-no-meio-da-rua-em-manaus\/","name":"Homens apedrejam mulher at\u00e9 a morte no meio da rua em Manaus - Not\u00edcias de Todos - Models01","isPartOf":{"@id":"https:\/\/markd.com.br\/models\/#website"},"primaryImageOfPage":{"@id":"https:\/\/markd.com.br\/models\/homens-apedrejam-mulher-ate-a-morte-no-meio-da-rua-em-manaus\/#primaryimage"},"image":{"@id":"https:\/\/markd.com.br\/models\/homens-apedrejam-mulher-ate-a-morte-no-meio-da-rua-em-manaus\/#primaryimage"},"thumbnailUrl":"https:\/\/markd.com.br\/models\/wp-content\/uploads\/2022\/03\/morte1-1.jpg","datePublished":"2022-03-28T20:44:43+00:00","dateModified":"2022-03-28T20:44:48+00:00","author":{"@id":"https:\/\/markd.com.br\/models\/#\/schema\/person\/c12a77ab487a7262d8bec3c47301ad37"},"breadcrumb":{"@id":"https:\/\/markd.com.br\/models\/homens-apedrejam-mulher-ate-a-morte-no-meio-da-rua-em-manaus\/#breadcrumb"},"inLanguage":"pt-BR","potentialAction":[{"@type":"ReadAction","target":["https:\/\/markd.com.br\/models\/homens-apedrejam-mulher-ate-a-morte-no-meio-da-rua-em-manaus\/"]}]},{"@type":"ImageObject","inLanguage":"pt-BR","@id":"https:\/\/markd.com.br\/models\/homens-apedrejam-mulher-ate-a-morte-no-meio-da-rua-em-manaus\/#primaryimage","url":"https:\/\/markd.com.br\/models\/wp-content\/uploads\/2022\/03\/morte1-1.jpg","contentUrl":"https:\/\/markd.com.br\/models\/wp-content\/uploads\/2022\/03\/morte1-1.jpg","width":640,"height":378},{"@type":"BreadcrumbList","@id":"https:\/\/markd.com.br\/models\/homens-apedrejam-mulher-ate-a-morte-no-meio-da-rua-em-manaus\/#breadcrumb","itemListElement":[{"@type":"ListItem","position":1,"name":"In\u00edcio","item":"https:\/\/markd.com.br\/models\/"},{"@type":"ListItem","position":2,"name":"Homens apedrejam mulher at\u00e9 a morte no meio da rua em Manaus"}]},{"@type":"WebSite","@id":"https:\/\/markd.com.br\/models\/#website","url":"https:\/\/markd.com.br\/models\/","name":"Not\u00edcias de Todos - Models01","description":"Tenha um Portal de Not\u00edcias Moderno, Din\u00e2mico, R\u00e1pido e Profissional. Entregamos seu Site de  Not\u00edcias Pronto, Instalado, Hospedado, com Manual Passo a Passo e Suporte 24 horas.","potentialAction":[{"@type":"SearchAction","target":{"@type":"EntryPoint","urlTemplate":"https:\/\/markd.com.br\/models\/?s={search_term_string}"},"query-input":{"@type":"PropertyValueSpecification","valueRequired":true,"valueName":"search_term_string"}}],"inLanguage":"pt-BR"},{"@type":"Person","@id":"https:\/\/markd.com.br\/models\/#\/schema\/person\/c12a77ab487a7262d8bec3c47301ad37","name":"Reda\u00e7\u00e3o Reda\u00e7\u00e3o","image":{"@type":"ImageObject","inLanguage":"pt-BR","@id":"https:\/\/markd.com.br\/models\/#\/schema\/person\/image\/","url":"https:\/\/secure.gravatar.com\/avatar\/9448f3599ce269febf169e183039b4a6?s=96&d=mm&r=g","contentUrl":"https:\/\/secure.gravatar.com\/avatar\/9448f3599ce269febf169e183039b4a6?s=96&d=mm&r=g","caption":"Reda\u00e7\u00e3o Reda\u00e7\u00e3o"},"sameAs":["https:\/\/markd.com.br\/"],"url":"https:\/\/markd.com.br\/models\/author\/redacao\/"}]}},"featured_image_urls":{"full":["https:\/\/markd.com.br\/models\/wp-content\/uploads\/2022\/03\/morte1-1.jpg",640,378,false],"thumbnail":["https:\/\/markd.com.br\/models\/wp-content\/uploads\/2022\/03\/morte1-1-150x150.jpg",150,150,true],"medium":["https:\/\/markd.com.br\/models\/wp-content\/uploads\/2022\/03\/morte1-1-300x177.jpg",300,177,true],"medium_large":["https:\/\/markd.com.br\/models\/wp-content\/uploads\/2022\/03\/morte1-1.jpg",640,378,false],"large":["https:\/\/markd.com.br\/models\/wp-content\/uploads\/2022\/03\/morte1-1.jpg",640,378,false],"1536x1536":["https:\/\/markd.com.br\/models\/wp-content\/uploads\/2022\/03\/morte1-1.jpg",640,378,false],"2048x2048":["https:\/\/markd.com.br\/models\/wp-content\/uploads\/2022\/03\/morte1-1.jpg",640,378,false],"newsphere-slider-full":["https:\/\/markd.com.br\/models\/wp-content\/uploads\/2022\/03\/morte1-1.jpg",640,378,false],"newsphere-featured":["https:\/\/markd.com.br\/models\/wp-content\/uploads\/2022\/03\/morte1-1.jpg",640,378,false],"newsphere-medium":["https:\/\/markd.com.br\/models\/wp-content\/uploads\/2022\/03\/morte1-1.jpg",640,378,false]},"author_info":{"display_name":"Reda\u00e7\u00e3o Reda\u00e7\u00e3o","author_link":"https:\/\/markd.com.br\/models\/author\/redacao\/"},"category_info":"<a href=\"https:\/\/markd.com.br\/models\/category\/policia\/\" rel=\"category tag\">Policia<\/a>","tag_info":"Policia","comment_count":"0","jetpack_featured_media_url":"https:\/\/markd.com.br\/models\/wp-content\/uploads\/2022\/03\/morte1-1.jpg","_links":{"self":[{"href":"https:\/\/markd.com.br\/models\/wp-json\/wp\/v2\/posts\/981","targetHints":{"allow":["GET"]}}],"collection":[{"href":"https:\/\/markd.com.br\/models\/wp-json\/wp\/v2\/posts"}],"about":[{"href":"https:\/\/markd.com.br\/models\/wp-json\/wp\/v2\/types\/post"}],"author":[{"embeddable":true,"href":"https:\/\/markd.com.br\/models\/wp-json\/wp\/v2\/users\/5"}],"replies":[{"embeddable":true,"href":"https:\/\/markd.com.br\/models\/wp-json\/wp\/v2\/comments?post=981"}],"version-history":[{"count":1,"href":"https:\/\/markd.com.br\/models\/wp-json\/wp\/v2\/posts\/981\/revisions"}],"predecessor-version":[{"id":983,"href":"https:\/\/markd.com.br\/models\/wp-json\/wp\/v2\/posts\/981\/revisions\/983"}],"wp:featuredmedia":[{"embeddable":true,"href":"https:\/\/markd.com.br\/models\/wp-json\/wp\/v2\/media\/982"}],"wp:attachment":[{"href":"https:\/\/markd.com.br\/models\/wp-json\/wp\/v2\/media?parent=981"}],"wp:term":[{"taxonomy":"category","embeddable":true,"href":"https:\/\/markd.com.br\/models\/wp-json\/wp\/v2\/categories?post=981"},{"taxonomy":"post_tag","embeddable":true,"href":"https:\/\/markd.com.br\/models\/wp-json\/wp\/v2\/tags?post=981"}],"curies":[{"name":"wp","href":"https:\/\/api.w.org\/{rel}","templated":true}]}}