{"id":987,"date":"2022-03-29T14:07:01","date_gmt":"2022-03-29T17:07:01","guid":{"rendered":"https:\/\/portaldestaquenoticias.com.br\/?p=987"},"modified":"2022-03-29T14:07:04","modified_gmt":"2022-03-29T17:07:04","slug":"primos-de-12-e-14-anos-morrem-em-live-no-instagram-apos-disparo-de-arma","status":"publish","type":"post","link":"https:\/\/markd.com.br\/models\/primos-de-12-e-14-anos-morrem-em-live-no-instagram-apos-disparo-de-arma\/","title":{"rendered":"Primos de 12 e 14 anos morrem em live no Instagram ap\u00f3s disparo de arma."},"content":{"rendered":"\n<figure class=\"wp-block-image size-full\"><img loading=\"lazy\" decoding=\"async\" width=\"640\" height=\"360\" src=\"https:\/\/portaldestaquenoticias.com.br\/wp-content\/uploads\/2022\/03\/naom_5ea974817bd6d-1.jpg\" alt=\"\" class=\"wp-image-989\" srcset=\"https:\/\/markd.com.br\/models\/wp-content\/uploads\/2022\/03\/naom_5ea974817bd6d-1.jpg 640w, https:\/\/markd.com.br\/models\/wp-content\/uploads\/2022\/03\/naom_5ea974817bd6d-1-300x169.jpg 300w\" sizes=\"auto, (max-width: 640px) 100vw, 640px\" \/><\/figure>\n\n\n\n<p>&nbsp;Dois primos de 12 e 14 anos morreram na cidade de St Louis, no Missouri (EUA), ap\u00f3s uma ocorr\u00eancia com uma arma de fogo durante uma transmiss\u00e3o ao vivo nas redes sociais. De acordo com a imprensa internacional, a crian\u00e7a mais nova, uma menina identificada como Paris Harvey, teria atirado acidentalmente no primo, Kuaron Harvey, e se matado em seguida.<\/p>\n\n\n\n<p>As mortes aconteceram durante uma reuni\u00e3o de fam\u00edlia na noite da sexta-feira (25) e a pol\u00edcia foi acionada, constatando a morte dos dois no local.<\/p>\n\n\n\n<p>Paris e Kuaron estavam fazendo um v\u00eddeo ao vivo no espelho quando a menina atirou no primo.<\/p>\n\n\n\n<p>Segundo a descri\u00e7\u00e3o do v\u00eddeo, ela se abaixou para pegar a arma, que disparou novamente. Os dois foram atingidos na cabe\u00e7a.<\/p>\n\n\n\n<p>\u201cN\u00e3o foi uma situa\u00e7\u00e3o de discuss\u00e3o nem nada do tipo. Eles estavam brincando com a arma, quando n\u00e3o deveriam estar brincando. Claro que eles n\u00e3o deveriam estar brincando. Acho que ela disparou sem querer\u201d, afirmou a av\u00f3 das crian\u00e7as, Susan Dyson, em entrevista ao jornal St Louis Post-Dispach.<\/p>\n\n\n\n<p>Ela contou que assistiu ao v\u00eddeo do acidente, que estava dispon\u00edvel no Instagram, e tamb\u00e9m disse que os primos foram criados juntos como irm\u00e3os. Inicialmente, o caso foi classificado pela pol\u00edcia como um homic\u00eddio seguido de suic\u00eddio.<\/p>\n\n\n\n<p>A fam\u00edlia contesta a vers\u00e3o. \u201cN\u00e3o foi um assassinato. N\u00e3o foi um suic\u00eddio. Foi um acidente terr\u00edvel que aconteceu\u201d, afirmou a m\u00e3e de Paris, Shinise Harvey, ao jornal.<\/p>\n\n\n\n<p>A pol\u00edcia de St. Louis n\u00e3o informou de quem era a arma que causou o acidente. Familiares acreditam que ela era do jovem de 14 anos que morreu.<\/p>\n\n\n\n<p>As fam\u00edlias dos adolescentes fizeram duas vaquinhas nas redes sociais para ajudar a pagar os enterros. Elas conseguiram pouco mais de R$ 1 mil (equivalente a R$ 4,7 mil) em poucos dias.<\/p>\n\n\n\n<p>Fonte: Noticias ao minuto<\/p>\n","protected":false},"excerpt":{"rendered":"<p>&nbsp;Dois primos de 12 e 14 anos morreram na cidade de St Louis, no Missouri&#8230;<\/p>\n","protected":false},"author":5,"featured_media":0,"comment_status":"open","ping_status":"open","sticky":false,"template":"","format":"standard","meta":{"footnotes":""},"categories":[1],"tags":[],"class_list":["post-987","post","type-post","status-publish","format-standard","hentry","category-sem-categoria"],"yoast_head":"<!-- This site is optimized with the Yoast SEO plugin v24.4 - https:\/\/yoast.com\/wordpress\/plugins\/seo\/ -->\n<title>Primos de 12 e 14 anos morrem em live no Instagram ap\u00f3s disparo de arma. - Not\u00edcias de Todos - Models01<\/title>\n<meta name=\"robots\" content=\"index, follow, max-snippet:-1, max-image-preview:large, max-video-preview:-1\" \/>\n<link rel=\"canonical\" href=\"https:\/\/markd.com.br\/models\/primos-de-12-e-14-anos-morrem-em-live-no-instagram-apos-disparo-de-arma\/\" \/>\n<meta property=\"og:locale\" content=\"pt_BR\" \/>\n<meta property=\"og:type\" content=\"article\" \/>\n<meta property=\"og:title\" content=\"Primos de 12 e 14 anos morrem em live no Instagram ap\u00f3s disparo de arma. - Not\u00edcias de Todos - Models01\" \/>\n<meta property=\"og:description\" content=\"&nbsp;Dois primos de 12 e 14 anos morreram na cidade de St Louis, no Missouri...\" \/>\n<meta property=\"og:url\" content=\"https:\/\/markd.com.br\/models\/primos-de-12-e-14-anos-morrem-em-live-no-instagram-apos-disparo-de-arma\/\" \/>\n<meta property=\"og:site_name\" content=\"Not\u00edcias de Todos - Models01\" \/>\n<meta property=\"article:published_time\" content=\"2022-03-29T17:07:01+00:00\" \/>\n<meta property=\"article:modified_time\" content=\"2022-03-29T17:07:04+00:00\" \/>\n<meta property=\"og:image\" content=\"https:\/\/portaldestaquenoticias.com.br\/wp-content\/uploads\/2022\/03\/naom_5ea974817bd6d-1.jpg\" \/>\n<meta name=\"author\" content=\"Reda\u00e7\u00e3o Reda\u00e7\u00e3o\" \/>\n<meta name=\"twitter:card\" content=\"summary_large_image\" \/>\n<meta name=\"twitter:label1\" content=\"Escrito por\" \/>\n\t<meta name=\"twitter:data1\" content=\"Reda\u00e7\u00e3o Reda\u00e7\u00e3o\" \/>\n\t<meta name=\"twitter:label2\" content=\"Est. tempo de leitura\" \/>\n\t<meta name=\"twitter:data2\" content=\"2 minutos\" \/>\n<script type=\"application\/ld+json\" class=\"yoast-schema-graph\">{\"@context\":\"https:\/\/schema.org\",\"@graph\":[{\"@type\":\"WebPage\",\"@id\":\"https:\/\/markd.com.br\/models\/primos-de-12-e-14-anos-morrem-em-live-no-instagram-apos-disparo-de-arma\/\",\"url\":\"https:\/\/markd.com.br\/models\/primos-de-12-e-14-anos-morrem-em-live-no-instagram-apos-disparo-de-arma\/\",\"name\":\"Primos de 12 e 14 anos morrem em live no Instagram ap\u00f3s disparo de arma. - Not\u00edcias de Todos - Models01\",\"isPartOf\":{\"@id\":\"https:\/\/markd.com.br\/models\/#website\"},\"primaryImageOfPage\":{\"@id\":\"https:\/\/markd.com.br\/models\/primos-de-12-e-14-anos-morrem-em-live-no-instagram-apos-disparo-de-arma\/#primaryimage\"},\"image\":{\"@id\":\"https:\/\/markd.com.br\/models\/primos-de-12-e-14-anos-morrem-em-live-no-instagram-apos-disparo-de-arma\/#primaryimage\"},\"thumbnailUrl\":\"https:\/\/portaldestaquenoticias.com.br\/wp-content\/uploads\/2022\/03\/naom_5ea974817bd6d-1.jpg\",\"datePublished\":\"2022-03-29T17:07:01+00:00\",\"dateModified\":\"2022-03-29T17:07:04+00:00\",\"author\":{\"@id\":\"https:\/\/markd.com.br\/models\/#\/schema\/person\/c12a77ab487a7262d8bec3c47301ad37\"},\"breadcrumb\":{\"@id\":\"https:\/\/markd.com.br\/models\/primos-de-12-e-14-anos-morrem-em-live-no-instagram-apos-disparo-de-arma\/#breadcrumb\"},\"inLanguage\":\"pt-BR\",\"potentialAction\":[{\"@type\":\"ReadAction\",\"target\":[\"https:\/\/markd.com.br\/models\/primos-de-12-e-14-anos-morrem-em-live-no-instagram-apos-disparo-de-arma\/\"]}]},{\"@type\":\"ImageObject\",\"inLanguage\":\"pt-BR\",\"@id\":\"https:\/\/markd.com.br\/models\/primos-de-12-e-14-anos-morrem-em-live-no-instagram-apos-disparo-de-arma\/#primaryimage\",\"url\":\"https:\/\/portaldestaquenoticias.com.br\/wp-content\/uploads\/2022\/03\/naom_5ea974817bd6d-1.jpg\",\"contentUrl\":\"https:\/\/portaldestaquenoticias.com.br\/wp-content\/uploads\/2022\/03\/naom_5ea974817bd6d-1.jpg\"},{\"@type\":\"BreadcrumbList\",\"@id\":\"https:\/\/markd.com.br\/models\/primos-de-12-e-14-anos-morrem-em-live-no-instagram-apos-disparo-de-arma\/#breadcrumb\",\"itemListElement\":[{\"@type\":\"ListItem\",\"position\":1,\"name\":\"In\u00edcio\",\"item\":\"https:\/\/markd.com.br\/models\/\"},{\"@type\":\"ListItem\",\"position\":2,\"name\":\"Primos de 12 e 14 anos morrem em live no Instagram ap\u00f3s disparo de arma.\"}]},{\"@type\":\"WebSite\",\"@id\":\"https:\/\/markd.com.br\/models\/#website\",\"url\":\"https:\/\/markd.com.br\/models\/\",\"name\":\"Not\u00edcias de Todos - Models01\",\"description\":\"Tenha um Portal de Not\u00edcias Moderno, Din\u00e2mico, R\u00e1pido e Profissional. Entregamos seu Site de  Not\u00edcias Pronto, Instalado, Hospedado, com Manual Passo a Passo e Suporte 24 horas.\",\"potentialAction\":[{\"@type\":\"SearchAction\",\"target\":{\"@type\":\"EntryPoint\",\"urlTemplate\":\"https:\/\/markd.com.br\/models\/?s={search_term_string}\"},\"query-input\":{\"@type\":\"PropertyValueSpecification\",\"valueRequired\":true,\"valueName\":\"search_term_string\"}}],\"inLanguage\":\"pt-BR\"},{\"@type\":\"Person\",\"@id\":\"https:\/\/markd.com.br\/models\/#\/schema\/person\/c12a77ab487a7262d8bec3c47301ad37\",\"name\":\"Reda\u00e7\u00e3o Reda\u00e7\u00e3o\",\"image\":{\"@type\":\"ImageObject\",\"inLanguage\":\"pt-BR\",\"@id\":\"https:\/\/markd.com.br\/models\/#\/schema\/person\/image\/\",\"url\":\"https:\/\/secure.gravatar.com\/avatar\/9448f3599ce269febf169e183039b4a6?s=96&d=mm&r=g\",\"contentUrl\":\"https:\/\/secure.gravatar.com\/avatar\/9448f3599ce269febf169e183039b4a6?s=96&d=mm&r=g\",\"caption\":\"Reda\u00e7\u00e3o Reda\u00e7\u00e3o\"},\"sameAs\":[\"https:\/\/markd.com.br\/\"],\"url\":\"https:\/\/markd.com.br\/models\/author\/redacao\/\"}]}<\/script>\n<!-- \/ Yoast SEO plugin. -->","yoast_head_json":{"title":"Primos de 12 e 14 anos morrem em live no Instagram ap\u00f3s disparo de arma. - Not\u00edcias de Todos - Models01","robots":{"index":"index","follow":"follow","max-snippet":"max-snippet:-1","max-image-preview":"max-image-preview:large","max-video-preview":"max-video-preview:-1"},"canonical":"https:\/\/markd.com.br\/models\/primos-de-12-e-14-anos-morrem-em-live-no-instagram-apos-disparo-de-arma\/","og_locale":"pt_BR","og_type":"article","og_title":"Primos de 12 e 14 anos morrem em live no Instagram ap\u00f3s disparo de arma. - Not\u00edcias de Todos - Models01","og_description":"&nbsp;Dois primos de 12 e 14 anos morreram na cidade de St Louis, no Missouri...","og_url":"https:\/\/markd.com.br\/models\/primos-de-12-e-14-anos-morrem-em-live-no-instagram-apos-disparo-de-arma\/","og_site_name":"Not\u00edcias de Todos - Models01","article_published_time":"2022-03-29T17:07:01+00:00","article_modified_time":"2022-03-29T17:07:04+00:00","og_image":[{"url":"https:\/\/portaldestaquenoticias.com.br\/wp-content\/uploads\/2022\/03\/naom_5ea974817bd6d-1.jpg","type":"","width":"","height":""}],"author":"Reda\u00e7\u00e3o Reda\u00e7\u00e3o","twitter_card":"summary_large_image","twitter_misc":{"Escrito por":"Reda\u00e7\u00e3o Reda\u00e7\u00e3o","Est. tempo de leitura":"2 minutos"},"schema":{"@context":"https:\/\/schema.org","@graph":[{"@type":"WebPage","@id":"https:\/\/markd.com.br\/models\/primos-de-12-e-14-anos-morrem-em-live-no-instagram-apos-disparo-de-arma\/","url":"https:\/\/markd.com.br\/models\/primos-de-12-e-14-anos-morrem-em-live-no-instagram-apos-disparo-de-arma\/","name":"Primos de 12 e 14 anos morrem em live no Instagram ap\u00f3s disparo de arma. - Not\u00edcias de Todos - Models01","isPartOf":{"@id":"https:\/\/markd.com.br\/models\/#website"},"primaryImageOfPage":{"@id":"https:\/\/markd.com.br\/models\/primos-de-12-e-14-anos-morrem-em-live-no-instagram-apos-disparo-de-arma\/#primaryimage"},"image":{"@id":"https:\/\/markd.com.br\/models\/primos-de-12-e-14-anos-morrem-em-live-no-instagram-apos-disparo-de-arma\/#primaryimage"},"thumbnailUrl":"https:\/\/portaldestaquenoticias.com.br\/wp-content\/uploads\/2022\/03\/naom_5ea974817bd6d-1.jpg","datePublished":"2022-03-29T17:07:01+00:00","dateModified":"2022-03-29T17:07:04+00:00","author":{"@id":"https:\/\/markd.com.br\/models\/#\/schema\/person\/c12a77ab487a7262d8bec3c47301ad37"},"breadcrumb":{"@id":"https:\/\/markd.com.br\/models\/primos-de-12-e-14-anos-morrem-em-live-no-instagram-apos-disparo-de-arma\/#breadcrumb"},"inLanguage":"pt-BR","potentialAction":[{"@type":"ReadAction","target":["https:\/\/markd.com.br\/models\/primos-de-12-e-14-anos-morrem-em-live-no-instagram-apos-disparo-de-arma\/"]}]},{"@type":"ImageObject","inLanguage":"pt-BR","@id":"https:\/\/markd.com.br\/models\/primos-de-12-e-14-anos-morrem-em-live-no-instagram-apos-disparo-de-arma\/#primaryimage","url":"https:\/\/portaldestaquenoticias.com.br\/wp-content\/uploads\/2022\/03\/naom_5ea974817bd6d-1.jpg","contentUrl":"https:\/\/portaldestaquenoticias.com.br\/wp-content\/uploads\/2022\/03\/naom_5ea974817bd6d-1.jpg"},{"@type":"BreadcrumbList","@id":"https:\/\/markd.com.br\/models\/primos-de-12-e-14-anos-morrem-em-live-no-instagram-apos-disparo-de-arma\/#breadcrumb","itemListElement":[{"@type":"ListItem","position":1,"name":"In\u00edcio","item":"https:\/\/markd.com.br\/models\/"},{"@type":"ListItem","position":2,"name":"Primos de 12 e 14 anos morrem em live no Instagram ap\u00f3s disparo de arma."}]},{"@type":"WebSite","@id":"https:\/\/markd.com.br\/models\/#website","url":"https:\/\/markd.com.br\/models\/","name":"Not\u00edcias de Todos - Models01","description":"Tenha um Portal de Not\u00edcias Moderno, Din\u00e2mico, R\u00e1pido e Profissional. Entregamos seu Site de  Not\u00edcias Pronto, Instalado, Hospedado, com Manual Passo a Passo e Suporte 24 horas.","potentialAction":[{"@type":"SearchAction","target":{"@type":"EntryPoint","urlTemplate":"https:\/\/markd.com.br\/models\/?s={search_term_string}"},"query-input":{"@type":"PropertyValueSpecification","valueRequired":true,"valueName":"search_term_string"}}],"inLanguage":"pt-BR"},{"@type":"Person","@id":"https:\/\/markd.com.br\/models\/#\/schema\/person\/c12a77ab487a7262d8bec3c47301ad37","name":"Reda\u00e7\u00e3o Reda\u00e7\u00e3o","image":{"@type":"ImageObject","inLanguage":"pt-BR","@id":"https:\/\/markd.com.br\/models\/#\/schema\/person\/image\/","url":"https:\/\/secure.gravatar.com\/avatar\/9448f3599ce269febf169e183039b4a6?s=96&d=mm&r=g","contentUrl":"https:\/\/secure.gravatar.com\/avatar\/9448f3599ce269febf169e183039b4a6?s=96&d=mm&r=g","caption":"Reda\u00e7\u00e3o Reda\u00e7\u00e3o"},"sameAs":["https:\/\/markd.com.br\/"],"url":"https:\/\/markd.com.br\/models\/author\/redacao\/"}]}},"featured_image_urls":{"full":"","thumbnail":"","medium":"","medium_large":"","large":"","1536x1536":"","2048x2048":"","newsphere-slider-full":"","newsphere-featured":"","newsphere-medium":""},"author_info":{"display_name":"Reda\u00e7\u00e3o Reda\u00e7\u00e3o","author_link":"https:\/\/markd.com.br\/models\/author\/redacao\/"},"category_info":"<a href=\"https:\/\/markd.com.br\/models\/category\/sem-categoria\/\" rel=\"category tag\">Sem categoria<\/a>","tag_info":"Sem categoria","comment_count":"0","jetpack_featured_media_url":"","_links":{"self":[{"href":"https:\/\/markd.com.br\/models\/wp-json\/wp\/v2\/posts\/987","targetHints":{"allow":["GET"]}}],"collection":[{"href":"https:\/\/markd.com.br\/models\/wp-json\/wp\/v2\/posts"}],"about":[{"href":"https:\/\/markd.com.br\/models\/wp-json\/wp\/v2\/types\/post"}],"author":[{"embeddable":true,"href":"https:\/\/markd.com.br\/models\/wp-json\/wp\/v2\/users\/5"}],"replies":[{"embeddable":true,"href":"https:\/\/markd.com.br\/models\/wp-json\/wp\/v2\/comments?post=987"}],"version-history":[{"count":1,"href":"https:\/\/markd.com.br\/models\/wp-json\/wp\/v2\/posts\/987\/revisions"}],"predecessor-version":[{"id":990,"href":"https:\/\/markd.com.br\/models\/wp-json\/wp\/v2\/posts\/987\/revisions\/990"}],"wp:attachment":[{"href":"https:\/\/markd.com.br\/models\/wp-json\/wp\/v2\/media?parent=987"}],"wp:term":[{"taxonomy":"category","embeddable":true,"href":"https:\/\/markd.com.br\/models\/wp-json\/wp\/v2\/categories?post=987"},{"taxonomy":"post_tag","embeddable":true,"href":"https:\/\/markd.com.br\/models\/wp-json\/wp\/v2\/tags?post=987"}],"curies":[{"name":"wp","href":"https:\/\/api.w.org\/{rel}","templated":true}]}}