{"id":991,"date":"2022-03-29T14:11:27","date_gmt":"2022-03-29T17:11:27","guid":{"rendered":"https:\/\/portaldestaquenoticias.com.br\/?p=991"},"modified":"2022-03-29T14:11:32","modified_gmt":"2022-03-29T17:11:32","slug":"casal-estupra-adolescente-de-12-anos-em-igarape-no-oeste-do-para","status":"publish","type":"post","link":"https:\/\/markd.com.br\/models\/casal-estupra-adolescente-de-12-anos-em-igarape-no-oeste-do-para\/","title":{"rendered":"Casal estupra adolescente de 12 anos em igarap\u00e9 no oeste do Par\u00e1"},"content":{"rendered":"\n<p><\/p>\n\n\n\n<p>Um casal foi preso no \u00faltimo s\u00e1bado, 26, por estuprar uma adolescente de 12 anos, \u00e0s margens de um igarap\u00e9, na zona rural de Monte Alegre, regi\u00e3o oeste do Par\u00e1.&nbsp;<\/p>\n\n\n\n<p>Segundo informa\u00e7\u00f5es, o crime aconteceu na sexta-feira, 25, quando por volta de 9h, a garotinha estava lavando roupa em um igarap\u00e9 pr\u00f3ximo a sua casa, localizada na Vila Sama\u00fama. A v\u00edtima teria sido abordada e puxada pelo bra\u00e7o pelo homem, identificado como Ant\u00f4nio. Ele teria arrastado a jovem para um matagal pr\u00f3ximo e a estuprado.&nbsp;<\/p>\n\n\n\n<p>Ainda de acordo com informa\u00e7\u00f5es do Debate Caraj\u00e1s, a adolescente foi agredida na cabe\u00e7a com uma cuia pela esposa do suspeito, que presenciou todo crime. Ela ainda tentou matar a garota afogada, mas n\u00e3o conseguiu.&nbsp;<\/p>\n\n\n\n<p>A Pol\u00edcia Militar (PM) a suspeita e a v\u00edtima foram levadas para a delegacia de Pol\u00edcia Civil de Monte Alegre. Ant\u00f4nio n\u00e3o foi encontrado e permanece foragido.&nbsp;<\/p>\n\n\n\n<p>O caso \u00e9 investigado pelo Conselho Tutelar e pela Pol\u00edcia Civil da cidade.&nbsp;<\/p>\n\n\n\n<p><em><strong>Com informa\u00e7\u00f5es do Debate Caraj\u00e1s.<\/strong><\/em><\/p>\n","protected":false},"excerpt":{"rendered":"<p>Um casal foi preso no \u00faltimo s\u00e1bado, 26, por estuprar uma adolescente de 12 anos,&#8230;<\/p>\n","protected":false},"author":5,"featured_media":992,"comment_status":"open","ping_status":"open","sticky":false,"template":"","format":"standard","meta":{"footnotes":""},"categories":[124],"tags":[173,110,141],"class_list":["post-991","post","type-post","status-publish","format-standard","has-post-thumbnail","hentry","category-policia","tag-estupro","tag-policia-civil","tag-policia-militar"],"yoast_head":"<!-- This site is optimized with the Yoast SEO plugin v24.4 - https:\/\/yoast.com\/wordpress\/plugins\/seo\/ -->\n<title>Casal estupra adolescente de 12 anos em igarap\u00e9 no oeste do Par\u00e1 - Not\u00edcias de Todos - Models01<\/title>\n<meta name=\"robots\" content=\"index, follow, max-snippet:-1, max-image-preview:large, max-video-preview:-1\" \/>\n<link rel=\"canonical\" href=\"https:\/\/markd.com.br\/models\/casal-estupra-adolescente-de-12-anos-em-igarape-no-oeste-do-para\/\" \/>\n<meta property=\"og:locale\" content=\"pt_BR\" \/>\n<meta property=\"og:type\" content=\"article\" \/>\n<meta property=\"og:title\" content=\"Casal estupra adolescente de 12 anos em igarap\u00e9 no oeste do Par\u00e1 - Not\u00edcias de Todos - Models01\" \/>\n<meta property=\"og:description\" content=\"Um casal foi preso no \u00faltimo s\u00e1bado, 26, por estuprar uma adolescente de 12 anos,...\" \/>\n<meta property=\"og:url\" content=\"https:\/\/markd.com.br\/models\/casal-estupra-adolescente-de-12-anos-em-igarape-no-oeste-do-para\/\" \/>\n<meta property=\"og:site_name\" content=\"Not\u00edcias de Todos - Models01\" \/>\n<meta property=\"article:published_time\" content=\"2022-03-29T17:11:27+00:00\" \/>\n<meta property=\"article:modified_time\" content=\"2022-03-29T17:11:32+00:00\" \/>\n<meta property=\"og:image\" content=\"https:\/\/markd.com.br\/models\/wp-content\/uploads\/2022\/03\/whatsapp-image-2021-11-11-at-150746.jpeg\" \/>\n\t<meta property=\"og:image:width\" content=\"650\" \/>\n\t<meta property=\"og:image:height\" content=\"381\" \/>\n\t<meta property=\"og:image:type\" content=\"image\/jpeg\" \/>\n<meta name=\"author\" content=\"Reda\u00e7\u00e3o Reda\u00e7\u00e3o\" \/>\n<meta name=\"twitter:card\" content=\"summary_large_image\" \/>\n<meta name=\"twitter:label1\" content=\"Escrito por\" \/>\n\t<meta name=\"twitter:data1\" content=\"Reda\u00e7\u00e3o Reda\u00e7\u00e3o\" \/>\n\t<meta name=\"twitter:label2\" content=\"Est. tempo de leitura\" \/>\n\t<meta name=\"twitter:data2\" content=\"1 minuto\" \/>\n<script type=\"application\/ld+json\" class=\"yoast-schema-graph\">{\"@context\":\"https:\/\/schema.org\",\"@graph\":[{\"@type\":\"WebPage\",\"@id\":\"https:\/\/markd.com.br\/models\/casal-estupra-adolescente-de-12-anos-em-igarape-no-oeste-do-para\/\",\"url\":\"https:\/\/markd.com.br\/models\/casal-estupra-adolescente-de-12-anos-em-igarape-no-oeste-do-para\/\",\"name\":\"Casal estupra adolescente de 12 anos em igarap\u00e9 no oeste do Par\u00e1 - Not\u00edcias de Todos - Models01\",\"isPartOf\":{\"@id\":\"https:\/\/markd.com.br\/models\/#website\"},\"primaryImageOfPage\":{\"@id\":\"https:\/\/markd.com.br\/models\/casal-estupra-adolescente-de-12-anos-em-igarape-no-oeste-do-para\/#primaryimage\"},\"image\":{\"@id\":\"https:\/\/markd.com.br\/models\/casal-estupra-adolescente-de-12-anos-em-igarape-no-oeste-do-para\/#primaryimage\"},\"thumbnailUrl\":\"https:\/\/markd.com.br\/models\/wp-content\/uploads\/2022\/03\/whatsapp-image-2021-11-11-at-150746.jpeg\",\"datePublished\":\"2022-03-29T17:11:27+00:00\",\"dateModified\":\"2022-03-29T17:11:32+00:00\",\"author\":{\"@id\":\"https:\/\/markd.com.br\/models\/#\/schema\/person\/c12a77ab487a7262d8bec3c47301ad37\"},\"breadcrumb\":{\"@id\":\"https:\/\/markd.com.br\/models\/casal-estupra-adolescente-de-12-anos-em-igarape-no-oeste-do-para\/#breadcrumb\"},\"inLanguage\":\"pt-BR\",\"potentialAction\":[{\"@type\":\"ReadAction\",\"target\":[\"https:\/\/markd.com.br\/models\/casal-estupra-adolescente-de-12-anos-em-igarape-no-oeste-do-para\/\"]}]},{\"@type\":\"ImageObject\",\"inLanguage\":\"pt-BR\",\"@id\":\"https:\/\/markd.com.br\/models\/casal-estupra-adolescente-de-12-anos-em-igarape-no-oeste-do-para\/#primaryimage\",\"url\":\"https:\/\/markd.com.br\/models\/wp-content\/uploads\/2022\/03\/whatsapp-image-2021-11-11-at-150746.jpeg\",\"contentUrl\":\"https:\/\/markd.com.br\/models\/wp-content\/uploads\/2022\/03\/whatsapp-image-2021-11-11-at-150746.jpeg\",\"width\":650,\"height\":381},{\"@type\":\"BreadcrumbList\",\"@id\":\"https:\/\/markd.com.br\/models\/casal-estupra-adolescente-de-12-anos-em-igarape-no-oeste-do-para\/#breadcrumb\",\"itemListElement\":[{\"@type\":\"ListItem\",\"position\":1,\"name\":\"In\u00edcio\",\"item\":\"https:\/\/markd.com.br\/models\/\"},{\"@type\":\"ListItem\",\"position\":2,\"name\":\"Casal estupra adolescente de 12 anos em igarap\u00e9 no oeste do Par\u00e1\"}]},{\"@type\":\"WebSite\",\"@id\":\"https:\/\/markd.com.br\/models\/#website\",\"url\":\"https:\/\/markd.com.br\/models\/\",\"name\":\"Not\u00edcias de Todos - Models01\",\"description\":\"Tenha um Portal de Not\u00edcias Moderno, Din\u00e2mico, R\u00e1pido e Profissional. Entregamos seu Site de  Not\u00edcias Pronto, Instalado, Hospedado, com Manual Passo a Passo e Suporte 24 horas.\",\"potentialAction\":[{\"@type\":\"SearchAction\",\"target\":{\"@type\":\"EntryPoint\",\"urlTemplate\":\"https:\/\/markd.com.br\/models\/?s={search_term_string}\"},\"query-input\":{\"@type\":\"PropertyValueSpecification\",\"valueRequired\":true,\"valueName\":\"search_term_string\"}}],\"inLanguage\":\"pt-BR\"},{\"@type\":\"Person\",\"@id\":\"https:\/\/markd.com.br\/models\/#\/schema\/person\/c12a77ab487a7262d8bec3c47301ad37\",\"name\":\"Reda\u00e7\u00e3o Reda\u00e7\u00e3o\",\"image\":{\"@type\":\"ImageObject\",\"inLanguage\":\"pt-BR\",\"@id\":\"https:\/\/markd.com.br\/models\/#\/schema\/person\/image\/\",\"url\":\"https:\/\/secure.gravatar.com\/avatar\/9448f3599ce269febf169e183039b4a6?s=96&d=mm&r=g\",\"contentUrl\":\"https:\/\/secure.gravatar.com\/avatar\/9448f3599ce269febf169e183039b4a6?s=96&d=mm&r=g\",\"caption\":\"Reda\u00e7\u00e3o Reda\u00e7\u00e3o\"},\"sameAs\":[\"https:\/\/markd.com.br\/\"],\"url\":\"https:\/\/markd.com.br\/models\/author\/redacao\/\"}]}<\/script>\n<!-- \/ Yoast SEO plugin. -->","yoast_head_json":{"title":"Casal estupra adolescente de 12 anos em igarap\u00e9 no oeste do Par\u00e1 - Not\u00edcias de Todos - Models01","robots":{"index":"index","follow":"follow","max-snippet":"max-snippet:-1","max-image-preview":"max-image-preview:large","max-video-preview":"max-video-preview:-1"},"canonical":"https:\/\/markd.com.br\/models\/casal-estupra-adolescente-de-12-anos-em-igarape-no-oeste-do-para\/","og_locale":"pt_BR","og_type":"article","og_title":"Casal estupra adolescente de 12 anos em igarap\u00e9 no oeste do Par\u00e1 - Not\u00edcias de Todos - Models01","og_description":"Um casal foi preso no \u00faltimo s\u00e1bado, 26, por estuprar uma adolescente de 12 anos,...","og_url":"https:\/\/markd.com.br\/models\/casal-estupra-adolescente-de-12-anos-em-igarape-no-oeste-do-para\/","og_site_name":"Not\u00edcias de Todos - Models01","article_published_time":"2022-03-29T17:11:27+00:00","article_modified_time":"2022-03-29T17:11:32+00:00","og_image":[{"width":650,"height":381,"url":"https:\/\/markd.com.br\/models\/wp-content\/uploads\/2022\/03\/whatsapp-image-2021-11-11-at-150746.jpeg","type":"image\/jpeg"}],"author":"Reda\u00e7\u00e3o Reda\u00e7\u00e3o","twitter_card":"summary_large_image","twitter_misc":{"Escrito por":"Reda\u00e7\u00e3o Reda\u00e7\u00e3o","Est. tempo de leitura":"1 minuto"},"schema":{"@context":"https:\/\/schema.org","@graph":[{"@type":"WebPage","@id":"https:\/\/markd.com.br\/models\/casal-estupra-adolescente-de-12-anos-em-igarape-no-oeste-do-para\/","url":"https:\/\/markd.com.br\/models\/casal-estupra-adolescente-de-12-anos-em-igarape-no-oeste-do-para\/","name":"Casal estupra adolescente de 12 anos em igarap\u00e9 no oeste do Par\u00e1 - Not\u00edcias de Todos - Models01","isPartOf":{"@id":"https:\/\/markd.com.br\/models\/#website"},"primaryImageOfPage":{"@id":"https:\/\/markd.com.br\/models\/casal-estupra-adolescente-de-12-anos-em-igarape-no-oeste-do-para\/#primaryimage"},"image":{"@id":"https:\/\/markd.com.br\/models\/casal-estupra-adolescente-de-12-anos-em-igarape-no-oeste-do-para\/#primaryimage"},"thumbnailUrl":"https:\/\/markd.com.br\/models\/wp-content\/uploads\/2022\/03\/whatsapp-image-2021-11-11-at-150746.jpeg","datePublished":"2022-03-29T17:11:27+00:00","dateModified":"2022-03-29T17:11:32+00:00","author":{"@id":"https:\/\/markd.com.br\/models\/#\/schema\/person\/c12a77ab487a7262d8bec3c47301ad37"},"breadcrumb":{"@id":"https:\/\/markd.com.br\/models\/casal-estupra-adolescente-de-12-anos-em-igarape-no-oeste-do-para\/#breadcrumb"},"inLanguage":"pt-BR","potentialAction":[{"@type":"ReadAction","target":["https:\/\/markd.com.br\/models\/casal-estupra-adolescente-de-12-anos-em-igarape-no-oeste-do-para\/"]}]},{"@type":"ImageObject","inLanguage":"pt-BR","@id":"https:\/\/markd.com.br\/models\/casal-estupra-adolescente-de-12-anos-em-igarape-no-oeste-do-para\/#primaryimage","url":"https:\/\/markd.com.br\/models\/wp-content\/uploads\/2022\/03\/whatsapp-image-2021-11-11-at-150746.jpeg","contentUrl":"https:\/\/markd.com.br\/models\/wp-content\/uploads\/2022\/03\/whatsapp-image-2021-11-11-at-150746.jpeg","width":650,"height":381},{"@type":"BreadcrumbList","@id":"https:\/\/markd.com.br\/models\/casal-estupra-adolescente-de-12-anos-em-igarape-no-oeste-do-para\/#breadcrumb","itemListElement":[{"@type":"ListItem","position":1,"name":"In\u00edcio","item":"https:\/\/markd.com.br\/models\/"},{"@type":"ListItem","position":2,"name":"Casal estupra adolescente de 12 anos em igarap\u00e9 no oeste do Par\u00e1"}]},{"@type":"WebSite","@id":"https:\/\/markd.com.br\/models\/#website","url":"https:\/\/markd.com.br\/models\/","name":"Not\u00edcias de Todos - Models01","description":"Tenha um Portal de Not\u00edcias Moderno, Din\u00e2mico, R\u00e1pido e Profissional. Entregamos seu Site de  Not\u00edcias Pronto, Instalado, Hospedado, com Manual Passo a Passo e Suporte 24 horas.","potentialAction":[{"@type":"SearchAction","target":{"@type":"EntryPoint","urlTemplate":"https:\/\/markd.com.br\/models\/?s={search_term_string}"},"query-input":{"@type":"PropertyValueSpecification","valueRequired":true,"valueName":"search_term_string"}}],"inLanguage":"pt-BR"},{"@type":"Person","@id":"https:\/\/markd.com.br\/models\/#\/schema\/person\/c12a77ab487a7262d8bec3c47301ad37","name":"Reda\u00e7\u00e3o Reda\u00e7\u00e3o","image":{"@type":"ImageObject","inLanguage":"pt-BR","@id":"https:\/\/markd.com.br\/models\/#\/schema\/person\/image\/","url":"https:\/\/secure.gravatar.com\/avatar\/9448f3599ce269febf169e183039b4a6?s=96&d=mm&r=g","contentUrl":"https:\/\/secure.gravatar.com\/avatar\/9448f3599ce269febf169e183039b4a6?s=96&d=mm&r=g","caption":"Reda\u00e7\u00e3o Reda\u00e7\u00e3o"},"sameAs":["https:\/\/markd.com.br\/"],"url":"https:\/\/markd.com.br\/models\/author\/redacao\/"}]}},"featured_image_urls":{"full":["https:\/\/markd.com.br\/models\/wp-content\/uploads\/2022\/03\/whatsapp-image-2021-11-11-at-150746.jpeg",650,381,false],"thumbnail":["https:\/\/markd.com.br\/models\/wp-content\/uploads\/2022\/03\/whatsapp-image-2021-11-11-at-150746-150x150.jpeg",150,150,true],"medium":["https:\/\/markd.com.br\/models\/wp-content\/uploads\/2022\/03\/whatsapp-image-2021-11-11-at-150746-300x176.jpeg",300,176,true],"medium_large":["https:\/\/markd.com.br\/models\/wp-content\/uploads\/2022\/03\/whatsapp-image-2021-11-11-at-150746.jpeg",640,375,false],"large":["https:\/\/markd.com.br\/models\/wp-content\/uploads\/2022\/03\/whatsapp-image-2021-11-11-at-150746.jpeg",640,375,false],"1536x1536":["https:\/\/markd.com.br\/models\/wp-content\/uploads\/2022\/03\/whatsapp-image-2021-11-11-at-150746.jpeg",650,381,false],"2048x2048":["https:\/\/markd.com.br\/models\/wp-content\/uploads\/2022\/03\/whatsapp-image-2021-11-11-at-150746.jpeg",650,381,false],"newsphere-slider-full":["https:\/\/markd.com.br\/models\/wp-content\/uploads\/2022\/03\/whatsapp-image-2021-11-11-at-150746.jpeg",650,381,false],"newsphere-featured":["https:\/\/markd.com.br\/models\/wp-content\/uploads\/2022\/03\/whatsapp-image-2021-11-11-at-150746.jpeg",650,381,false],"newsphere-medium":["https:\/\/markd.com.br\/models\/wp-content\/uploads\/2022\/03\/whatsapp-image-2021-11-11-at-150746.jpeg",648,380,false]},"author_info":{"display_name":"Reda\u00e7\u00e3o Reda\u00e7\u00e3o","author_link":"https:\/\/markd.com.br\/models\/author\/redacao\/"},"category_info":"<a href=\"https:\/\/markd.com.br\/models\/category\/policia\/\" rel=\"category tag\">Policia<\/a>","tag_info":"Policia","comment_count":"0","jetpack_featured_media_url":"https:\/\/markd.com.br\/models\/wp-content\/uploads\/2022\/03\/whatsapp-image-2021-11-11-at-150746.jpeg","_links":{"self":[{"href":"https:\/\/markd.com.br\/models\/wp-json\/wp\/v2\/posts\/991","targetHints":{"allow":["GET"]}}],"collection":[{"href":"https:\/\/markd.com.br\/models\/wp-json\/wp\/v2\/posts"}],"about":[{"href":"https:\/\/markd.com.br\/models\/wp-json\/wp\/v2\/types\/post"}],"author":[{"embeddable":true,"href":"https:\/\/markd.com.br\/models\/wp-json\/wp\/v2\/users\/5"}],"replies":[{"embeddable":true,"href":"https:\/\/markd.com.br\/models\/wp-json\/wp\/v2\/comments?post=991"}],"version-history":[{"count":1,"href":"https:\/\/markd.com.br\/models\/wp-json\/wp\/v2\/posts\/991\/revisions"}],"predecessor-version":[{"id":993,"href":"https:\/\/markd.com.br\/models\/wp-json\/wp\/v2\/posts\/991\/revisions\/993"}],"wp:featuredmedia":[{"embeddable":true,"href":"https:\/\/markd.com.br\/models\/wp-json\/wp\/v2\/media\/992"}],"wp:attachment":[{"href":"https:\/\/markd.com.br\/models\/wp-json\/wp\/v2\/media?parent=991"}],"wp:term":[{"taxonomy":"category","embeddable":true,"href":"https:\/\/markd.com.br\/models\/wp-json\/wp\/v2\/categories?post=991"},{"taxonomy":"post_tag","embeddable":true,"href":"https:\/\/markd.com.br\/models\/wp-json\/wp\/v2\/tags?post=991"}],"curies":[{"name":"wp","href":"https:\/\/api.w.org\/{rel}","templated":true}]}}